{"id":30183,"date":"2025-09-19T18:00:00","date_gmt":"2025-09-19T16:00:00","guid":{"rendered":"https:\/\/fcliege.be\/fr\/?p=30183"},"modified":"2025-09-19T12:29:18","modified_gmt":"2025-09-19T10:29:18","slug":"la-parole-a-martin-wasinski","status":"publish","type":"post","link":"https:\/\/fcliege.be\/fr\/la-parole-a-martin-wasinski\/","title":{"rendered":"La parole \u00e0&#8230; Martin Wasinski"},"content":{"rendered":"\n<p><\/p>\n\n\n\n<h4 class=\"wp-block-heading\"><strong>L&rsquo;interview de la semaine en compagnie de Martin Wasinski<\/strong><\/h4>\n\n\n\n<p><strong>Avec la victoire face au Club NXT, Li\u00e8ge est d\u00e9sormais dans le top 6. L\u2019objectif est maintenant d\u2019y rester jusqu\u2019au bout ?<\/strong><\/p>\n\n\n\n<p><em>Bien s\u00fbr, c\u2019est l\u2019objectif. Nous voulons imp\u00e9rativement terminer dans le top 6, mais nous prenons les matchs un par un, en donnant le maximum \u00e0 chaque fois et en visant toujours la victoire. Ensuite, nous verrons o\u00f9 nous nous situerons.<\/em><\/p>\n\n\n\n<p><strong>Depuis ton arriv\u00e9e, tu as d\u00e9j\u00e0 connu deux titularisations cons\u00e9cutives. Tu dois \u00eatre heureux de b\u00e9n\u00e9ficier rapidement de la confiance du coach ?<\/strong><\/p>\n\n\n\n<p><em>En effet, j\u2019en suis tr\u00e8s heureux. Pouvoir encha\u00eener, c\u2019est important, mais le plus important reste l\u2019\u00e9quipe : seul le collectif compte.<\/em><\/p>\n\n\n\n<p><strong>Nouveau match samedi face \u00e0 une \u00e9quipe de jeunes. Toi qui connais bien ces formations, quelle est la diff\u00e9rence majeure avec une \u00e9quipe premi\u00e8re ?<\/strong><\/p>\n\n\n\n<p><em>Je pense surtout aux phases arr\u00eat\u00e9es et \u00e0 la gestion du match. En \u00e9quipe premi\u00e8re, nous g\u00e9rons beaucoup mieux les situations. Nous allons essayer d\u2019en profiter lors du prochain match<\/em><\/p>\n\n\n\n<p><strong>Comme Bruges, les U23 anderlechtois ne sont pas en grande confiance. De quoi en profiter pour encha\u00eener une deuxi\u00e8me victoire cons\u00e9cutive ?<\/strong><\/p>\n\n\n\n<p><em>Un match n\u2019est jamais l\u2019autre. Comme toujours, nous donnerons le maximum et nous allons essayer d\u2019encha\u00eener pour faire six sur six et rester au contact des \u00e9quipes du top.<\/em><\/p>\n","protected":false},"excerpt":{"rendered":"<p>L&rsquo;interview de la semaine en compagnie de Martin Wasinski Avec la victoire face au Club NXT, Li\u00e8ge est d\u00e9sormais dans le top 6. L\u2019objectif est maintenant d\u2019y rester jusqu\u2019au bout ? Bien s\u00fbr, c\u2019est l\u2019objectif. Nous voulons imp\u00e9rativement terminer dans le top 6, mais nous prenons les matchs un par un, en donnant le maximum [&hellip;]<\/p>\n","protected":false},"author":12,"featured_media":30185,"comment_status":"closed","ping_status":"closed","sticky":false,"template":"","format":"standard","meta":{"iawp_total_views":366},"categories":[1,24],"tags":[],"_links":{"self":[{"href":"https:\/\/fcliege.be\/fr\/wp-json\/wp\/v2\/posts\/30183"}],"collection":[{"href":"https:\/\/fcliege.be\/fr\/wp-json\/wp\/v2\/posts"}],"about":[{"href":"https:\/\/fcliege.be\/fr\/wp-json\/wp\/v2\/types\/post"}],"author":[{"embeddable":true,"href":"https:\/\/fcliege.be\/fr\/wp-json\/wp\/v2\/users\/12"}],"replies":[{"embeddable":true,"href":"https:\/\/fcliege.be\/fr\/wp-json\/wp\/v2\/comments?post=30183"}],"version-history":[{"count":1,"href":"https:\/\/fcliege.be\/fr\/wp-json\/wp\/v2\/posts\/30183\/revisions"}],"predecessor-version":[{"id":30184,"href":"https:\/\/fcliege.be\/fr\/wp-json\/wp\/v2\/posts\/30183\/revisions\/30184"}],"wp:featuredmedia":[{"embeddable":true,"href":"https:\/\/fcliege.be\/fr\/wp-json\/wp\/v2\/media\/30185"}],"wp:attachment":[{"href":"https:\/\/fcliege.be\/fr\/wp-json\/wp\/v2\/media?parent=30183"}],"wp:term":[{"taxonomy":"category","embeddable":true,"href":"https:\/\/fcliege.be\/fr\/wp-json\/wp\/v2\/categories?post=30183"},{"taxonomy":"post_tag","embeddable":true,"href":"https:\/\/fcliege.be\/fr\/wp-json\/wp\/v2\/tags?post=30183"}],"curies":[{"name":"wp","href":"https:\/\/api.w.org\/{rel}","templated":true}]}}