{"id":30232,"date":"2025-09-26T13:05:57","date_gmt":"2025-09-26T11:05:57","guid":{"rendered":"https:\/\/fcliege.be\/fr\/?p=30232"},"modified":"2025-09-26T13:05:58","modified_gmt":"2025-09-26T11:05:58","slug":"tv-allons-liege-de-septembre","status":"publish","type":"post","link":"https:\/\/fcliege.be\/fr\/tv-allons-liege-de-septembre\/","title":{"rendered":"TV | \u00ab\u00a0Allons Li\u00e8ge !\u00a0\u00bb de septembre"},"content":{"rendered":"\n<p><\/p>\n\n\n\n<h4 class=\"wp-block-heading\"><strong>Visionnez le magazine mensuel consacr\u00e9 au RFCL sur Qu4tre.<\/strong><\/h4>\n\n\n\n<p>Au sommaire :<strong><br><\/strong>&#8211; Le r\u00e9cap&rsquo; du mois<br>&#8211; Interview de Kylian Hazard<br>&#8211; La minute Qu4tre avec \u00c9ric Deflandre<\/p>\n\n\n\n<figure class=\"wp-block-embed is-type-video is-provider-youtube wp-block-embed-youtube wp-embed-aspect-16-9 wp-has-aspect-ratio\"><div class=\"wp-block-embed__wrapper\">\n<iframe loading=\"lazy\" title=\"\u00c9mission &quot;Allons Li\u00e8ge !&quot; de septembre 2025 #magazine\" width=\"960\" height=\"540\" src=\"https:\/\/www.youtube.com\/embed\/1RsjNu4eb70?feature=oembed\" frameborder=\"0\" allow=\"accelerometer; autoplay; clipboard-write; encrypted-media; gyroscope; picture-in-picture; web-share\" referrerpolicy=\"strict-origin-when-cross-origin\" allowfullscreen><\/iframe>\n<\/div><\/figure>\n","protected":false},"excerpt":{"rendered":"<p>Visionnez le magazine mensuel consacr\u00e9 au RFCL sur Qu4tre. Au sommaire :&#8211; Le r\u00e9cap&rsquo; du mois&#8211; Interview de Kylian Hazard&#8211; La minute Qu4tre avec \u00c9ric Deflandre<\/p>\n","protected":false},"author":12,"featured_media":29631,"comment_status":"closed","ping_status":"closed","sticky":false,"template":"","format":"standard","meta":{"iawp_total_views":131},"categories":[24,27],"tags":[],"_links":{"self":[{"href":"https:\/\/fcliege.be\/fr\/wp-json\/wp\/v2\/posts\/30232"}],"collection":[{"href":"https:\/\/fcliege.be\/fr\/wp-json\/wp\/v2\/posts"}],"about":[{"href":"https:\/\/fcliege.be\/fr\/wp-json\/wp\/v2\/types\/post"}],"author":[{"embeddable":true,"href":"https:\/\/fcliege.be\/fr\/wp-json\/wp\/v2\/users\/12"}],"replies":[{"embeddable":true,"href":"https:\/\/fcliege.be\/fr\/wp-json\/wp\/v2\/comments?post=30232"}],"version-history":[{"count":2,"href":"https:\/\/fcliege.be\/fr\/wp-json\/wp\/v2\/posts\/30232\/revisions"}],"predecessor-version":[{"id":30234,"href":"https:\/\/fcliege.be\/fr\/wp-json\/wp\/v2\/posts\/30232\/revisions\/30234"}],"wp:featuredmedia":[{"embeddable":true,"href":"https:\/\/fcliege.be\/fr\/wp-json\/wp\/v2\/media\/29631"}],"wp:attachment":[{"href":"https:\/\/fcliege.be\/fr\/wp-json\/wp\/v2\/media?parent=30232"}],"wp:term":[{"taxonomy":"category","embeddable":true,"href":"https:\/\/fcliege.be\/fr\/wp-json\/wp\/v2\/categories?post=30232"},{"taxonomy":"post_tag","embeddable":true,"href":"https:\/\/fcliege.be\/fr\/wp-json\/wp\/v2\/tags?post=30232"}],"curies":[{"name":"wp","href":"https:\/\/api.w.org\/{rel}","templated":true}]}}