{"id":30237,"date":"2025-09-27T19:08:20","date_gmt":"2025-09-27T17:08:20","guid":{"rendered":"https:\/\/fcliege.be\/fr\/?p=30237"},"modified":"2025-09-27T19:08:21","modified_gmt":"2025-09-27T17:08:21","slug":"la-parole-a-alexis-de-sart","status":"publish","type":"post","link":"https:\/\/fcliege.be\/fr\/la-parole-a-alexis-de-sart\/","title":{"rendered":"La parole \u00e0&#8230; Alexis de Sart"},"content":{"rendered":"\n<p><\/p>\n\n\n\n<h4 class=\"wp-block-heading\"><strong>L&rsquo;interview de la semaine en compagnie d&rsquo;Alexis de Sart<\/strong><\/h4>\n\n\n\n<p><strong>Li\u00e8ge a r\u00e9ussi \u00e0 tenir t\u00eate au leader. De quoi \u00eatre ambitieux pour la suite de la comp\u00e9tition ?<\/strong><\/p>\n\n\n\n<p>Exactement. Nous avons montr\u00e9 que nous pouvions r\u00e9sister aux meilleurs et nous cr\u00e9er des occasions. Il faudra reproduire cela sur la dur\u00e9e et \u00eatre efficaces dans les rectangles pour prendre des points.<\/p>\n\n\n\n<p><strong>Dimanche, l\u2019\u00e9quipe se d\u00e9place chez un autre candidat au top 6, avec l\u2019ambition de ramener quelque chose de ce d\u00e9placement compliqu\u00e9.<\/strong><\/p>\n\n\n\n<p>Clairement, oui. Nous avons affirm\u00e9 haut et fort que notre objectif est le top 6. Il faut donc prendre un maximum de points contre tout le monde, et surtout face \u00e0 nos concurrents directs comme Lommel.<\/p>\n\n\n\n<p><strong>Premi\u00e8re titularisation, premier but : des d\u00e9buts r\u00e9ussis \u00e0 Rocourt. On imagine que tu es fier.<\/strong><\/p>\n\n\n\n<p>En effet. Cela faisait presque deux ans que je n\u2019avais plus \u00e9t\u00e9 titulaire. Les sensations reviennent petit \u00e0 petit, mais c\u2019est vraiment agr\u00e9able d\u2019avoir pu livrer une bonne prestation pour ma premi\u00e8re ici et d\u2019\u00eatre r\u00e9compens\u00e9 par un but.<\/p>\n\n\n\n<p><strong>Comment se passe ton acclimatation, une semaine apr\u00e8s ton arriv\u00e9e, et comment te sens-tu physiquement ?<\/strong><\/p>\n\n\n\n<p>L\u2019acclimatation a \u00e9t\u00e9 tr\u00e8s simple. Je connaissais d\u00e9j\u00e0 beaucoup de monde ici, que ce soit parmi les joueurs ou le staff, donc aucun souci \u00e0 ce niveau. Physiquement, \u00e7a va de mieux en mieux : il faut maintenant encha\u00eener les matchs. Je suis tr\u00e8s content d\u2019avoir jou\u00e9 environ 80 minutes face \u00e0 Beveren ; c\u2019\u00e9tait presque inesp\u00e9r\u00e9 pour moi, mais cela montre que j\u2019ai bien travaill\u00e9 pendant la pr\u00e9paration et que \u00e7a porte ses fruits.<\/p>\n","protected":false},"excerpt":{"rendered":"<p>L&rsquo;interview de la semaine en compagnie d&rsquo;Alexis de Sart Li\u00e8ge a r\u00e9ussi \u00e0 tenir t\u00eate au leader. De quoi \u00eatre ambitieux pour la suite de la comp\u00e9tition ? Exactement. Nous avons montr\u00e9 que nous pouvions r\u00e9sister aux meilleurs et nous cr\u00e9er des occasions. Il faudra reproduire cela sur la dur\u00e9e et \u00eatre efficaces dans les [&hellip;]<\/p>\n","protected":false},"author":12,"featured_media":30239,"comment_status":"closed","ping_status":"closed","sticky":false,"template":"","format":"standard","meta":{"iawp_total_views":428},"categories":[1,24],"tags":[],"_links":{"self":[{"href":"https:\/\/fcliege.be\/fr\/wp-json\/wp\/v2\/posts\/30237"}],"collection":[{"href":"https:\/\/fcliege.be\/fr\/wp-json\/wp\/v2\/posts"}],"about":[{"href":"https:\/\/fcliege.be\/fr\/wp-json\/wp\/v2\/types\/post"}],"author":[{"embeddable":true,"href":"https:\/\/fcliege.be\/fr\/wp-json\/wp\/v2\/users\/12"}],"replies":[{"embeddable":true,"href":"https:\/\/fcliege.be\/fr\/wp-json\/wp\/v2\/comments?post=30237"}],"version-history":[{"count":2,"href":"https:\/\/fcliege.be\/fr\/wp-json\/wp\/v2\/posts\/30237\/revisions"}],"predecessor-version":[{"id":30240,"href":"https:\/\/fcliege.be\/fr\/wp-json\/wp\/v2\/posts\/30237\/revisions\/30240"}],"wp:featuredmedia":[{"embeddable":true,"href":"https:\/\/fcliege.be\/fr\/wp-json\/wp\/v2\/media\/30239"}],"wp:attachment":[{"href":"https:\/\/fcliege.be\/fr\/wp-json\/wp\/v2\/media?parent=30237"}],"wp:term":[{"taxonomy":"category","embeddable":true,"href":"https:\/\/fcliege.be\/fr\/wp-json\/wp\/v2\/categories?post=30237"},{"taxonomy":"post_tag","embeddable":true,"href":"https:\/\/fcliege.be\/fr\/wp-json\/wp\/v2\/tags?post=30237"}],"curies":[{"name":"wp","href":"https:\/\/api.w.org\/{rel}","templated":true}]}}