{"id":30307,"date":"2025-10-22T09:00:00","date_gmt":"2025-10-22T07:00:00","guid":{"rendered":"https:\/\/fcliege.be\/fr\/?p=30307"},"modified":"2025-10-13T12:30:17","modified_gmt":"2025-10-13T10:30:17","slug":"rfc-liege-x-apper-securite-routiere","status":"publish","type":"post","link":"https:\/\/fcliege.be\/fr\/rfc-liege-x-apper-securite-routiere\/","title":{"rendered":"RFC Li\u00e8ge x APPER S\u00e9curit\u00e9 routi\u00e8re"},"content":{"rendered":"\n<p><\/p>\n\n\n\n<h4 class=\"wp-block-heading\"><strong>Samedi, lors de Li\u00e8ge-RWDM, c&rsquo;est l\u2019association APPER S\u00e9curit\u00e9 Routi\u00e8re &#8211; Wallonie qui sera mise en lumi\u00e8re via notre programme en faveur des actions sociales.<\/strong><\/h4>\n\n\n\n<p>&gt; <a href=\"https:\/\/fcliege.be\/fr\/25-26-actions-et-animations\/\">Un match = une action sociale, un engagement pour soutenir des causes locales et sociales<\/a><\/p>\n\n\n\n<p>Chaque jour en Belgique, 13 \u00e9l\u00e8ves sont impliqu\u00e9s et bless\u00e9s dans un accident sur le chemin de l\u2019\u00e9cole. Si les chiffres ont diminu\u00e9 depuis les ann\u00e9es 1990, l\u2019\u00e9ducation \u00e0 la mobilit\u00e9 responsable et \u00e0 la s\u00e9curit\u00e9 routi\u00e8re reste un enjeu essentiel pour la protection de nos enfants. Cela prend encore plus d\u2019importance avec le d\u00e9veloppement de la mobilit\u00e9 douce et la multiplication des engins de d\u00e9placement (trottinettes, \u2026).<\/p>\n\n\n\n<p>L\u2019APPER &#8211; S\u00e9curit\u00e9 Routi\u00e8re (Association de Parents pour la Protection des Enfants sur les Routes) est une \u00e9quipe d\u2019enseignants dipl\u00f4m\u00e9s sp\u00e9cialis\u00e9s qui dispense depuis plus de 40 ans des animations de s\u00e9curit\u00e9 routi\u00e8re dans toutes les \u00e9coles maternelles, primaires et secondaires, tous r\u00e9seaux confondus.<\/p>\n\n\n\n<p>Depuis 1980, l\u2019APPER a form\u00e9 plus de 1.250.000 enfants en Wallonie en tant que pi\u00e9tons, cyclistes ou passagers responsables. En Province de Li\u00e8ge, ce sont 25.000 \u00e9l\u00e8ves qui b\u00e9n\u00e9ficient chaque ann\u00e9e du savoir-faire de l\u2019association.<\/p>\n\n\n\n<p>Depuis quelques mois, l\u2019APPER a \u00e9galement lanc\u00e9 un projet de formation des jeunes de plus de 16 ans \u00e0 la conduite responsable de trottinettes \u00e9lectriques, v\u00e9hicules particuli\u00e8rement accidentog\u00e8nes. Elle aide aussi les jeunes adultes \u00e0 passer le permis th\u00e9orique, y compris dans l\u2019enseignement sp\u00e9cialis\u00e9, car l\u2019absence de la mention \u00ab Permis B \u00bb sur un CV peut constituer un frein \u00e0 l\u2019emploi.<\/p>\n\n\n\n<p>L\u2019association compte sur votre soutien et votre g\u00e9n\u00e9rosit\u00e9 pour l\u2019aider \u00e0 poursuivre ce travail de longue haleine visant \u00e0 prot\u00e9ger nos enfants des dangers de la route.<\/p>\n\n\n\n<p><strong>Un don ? Samedi, vous pourrez \u00ab\u00a0offrir\u00a0\u00bb la caution de votre gobelet lorsque celui-ci sera remis ou ajouter 1 \u20ac \u00e0 votre commande au bar ou au fanshop.<\/strong><\/p>\n\n\n\n<p><strong>Visitez la page Facebook : <\/strong><a rel=\"noreferrer noopener\" href=\"https:\/\/www.facebook.com\/profile.php?id=100057524287851\" target=\"_blank\">APPER-Wallonie<\/a><\/p>\n","protected":false},"excerpt":{"rendered":"<p>Samedi, lors de Li\u00e8ge-RWDM, c&rsquo;est l\u2019association APPER S\u00e9curit\u00e9 Routi\u00e8re &#8211; Wallonie qui sera mise en lumi\u00e8re via notre programme en faveur des actions sociales. &gt; Un match = une action sociale, un engagement pour soutenir des causes locales et sociales Chaque jour en Belgique, 13 \u00e9l\u00e8ves sont impliqu\u00e9s et bless\u00e9s dans un accident sur le [&hellip;]<\/p>\n","protected":false},"author":12,"featured_media":30396,"comment_status":"closed","ping_status":"closed","sticky":false,"template":"","format":"standard","meta":{"iawp_total_views":85},"categories":[1,24],"tags":[],"_links":{"self":[{"href":"https:\/\/fcliege.be\/fr\/wp-json\/wp\/v2\/posts\/30307"}],"collection":[{"href":"https:\/\/fcliege.be\/fr\/wp-json\/wp\/v2\/posts"}],"about":[{"href":"https:\/\/fcliege.be\/fr\/wp-json\/wp\/v2\/types\/post"}],"author":[{"embeddable":true,"href":"https:\/\/fcliege.be\/fr\/wp-json\/wp\/v2\/users\/12"}],"replies":[{"embeddable":true,"href":"https:\/\/fcliege.be\/fr\/wp-json\/wp\/v2\/comments?post=30307"}],"version-history":[{"count":6,"href":"https:\/\/fcliege.be\/fr\/wp-json\/wp\/v2\/posts\/30307\/revisions"}],"predecessor-version":[{"id":30399,"href":"https:\/\/fcliege.be\/fr\/wp-json\/wp\/v2\/posts\/30307\/revisions\/30399"}],"wp:featuredmedia":[{"embeddable":true,"href":"https:\/\/fcliege.be\/fr\/wp-json\/wp\/v2\/media\/30396"}],"wp:attachment":[{"href":"https:\/\/fcliege.be\/fr\/wp-json\/wp\/v2\/media?parent=30307"}],"wp:term":[{"taxonomy":"category","embeddable":true,"href":"https:\/\/fcliege.be\/fr\/wp-json\/wp\/v2\/categories?post=30307"},{"taxonomy":"post_tag","embeddable":true,"href":"https:\/\/fcliege.be\/fr\/wp-json\/wp\/v2\/tags?post=30307"}],"curies":[{"name":"wp","href":"https:\/\/api.w.org\/{rel}","templated":true}]}}