{"id":30333,"date":"2025-10-05T11:00:00","date_gmt":"2025-10-05T09:00:00","guid":{"rendered":"https:\/\/fcliege.be\/fr\/?p=30333"},"modified":"2025-10-04T18:53:00","modified_gmt":"2025-10-04T16:53:00","slug":"la-parole-a-jordi-belin","status":"publish","type":"post","link":"https:\/\/fcliege.be\/fr\/la-parole-a-jordi-belin\/","title":{"rendered":"La parole \u00e0&#8230; Jordi Belin"},"content":{"rendered":"\n<p><\/p>\n\n\n\n<h4 class=\"wp-block-heading\"><strong>L&rsquo;interview de la semaine en compagnie de Jordi Belin<\/strong><\/h4>\n\n\n\n<p><strong>Tout d\u2019abord, comment s\u2019est pass\u00e9e la semaine ? On imagine que le moral \u00e9tait au beau fixe apr\u00e8s la victoire de dimanche.<\/strong><\/p>\n\n\n\n<p><em>En effet, la semaine d\u2019entra\u00eenement s\u2019est tr\u00e8s bien pass\u00e9e. Les trois points nous ont fait beaucoup de bien. Dans le jeu, nous avons essay\u00e9, et nous savons que nous pouvons encore nous am\u00e9liorer, mais la d\u00e9termination \u00e9tait pr\u00e9sente et nous a permis d\u2019accrocher cette victoire \u00e0 Lommel. Il faudra d\u00e9sormais confirmer.<\/em><\/p>\n\n\n\n<p><strong>Tu as encore r\u00e9alis\u00e9 une superbe prestation. Tu dois \u00eatre satisfait de ton niveau actuel ?<\/strong><\/p>\n\n\n\n<p><em>Je suis satisfait, oui. Nous travaillons beaucoup \u00e0 l\u2019entra\u00eenement pour \u00eatre au top les jours de match, et le travail paie toujours, donc on continue comme \u00e7a.<\/em><\/p>\n\n\n\n<p><strong>D\u00e8s ton arriv\u00e9e, tu es devenu le chouchou des supporters. Cela doit te faire plaisir. On te sent d\u00e9j\u00e0 \u00e9panoui ici, n\u2019est-ce pas ?<\/strong><\/p>\n\n\n\n<p><em>Je suis tr\u00e8s content d\u2019\u00eatre ici, effectivement. Les supporters ont \u00e9t\u00e9 tr\u00e8s sympas, tr\u00e8s accueillants. J\u2019essaie donc de toujours tout donner pour eux, et je pense qu\u2019ils le voient. Oui, je me sens vraiment bien ici.<\/em><\/p>\n\n\n\n<p><strong>Li\u00e8ge affronte une nouvelle \u00e9quipe U23. Il faudra encha\u00eener pour pouvoir passer la tr\u00eave internationale l\u2019esprit lib\u00e9r\u00e9. Qu\u2019en penses-tu ?<\/strong><\/p>\n\n\n\n<p><em>Exact, ce sera un match important pour aligner une deuxi\u00e8me victoire cons\u00e9cutive et rester dans le haut du classement. Nous avons toujours montr\u00e9 une bonne d\u00e9termination \u00e0 l\u2019ext\u00e9rieur, maintenant il faut faire de m\u00eame \u00e0 la maison, devant notre public, afin d\u2019encha\u00eener les succ\u00e8s.<\/em><\/p>\n","protected":false},"excerpt":{"rendered":"<p>L&rsquo;interview de la semaine en compagnie de Jordi Belin Tout d\u2019abord, comment s\u2019est pass\u00e9e la semaine ? On imagine que le moral \u00e9tait au beau fixe apr\u00e8s la victoire de dimanche. En effet, la semaine d\u2019entra\u00eenement s\u2019est tr\u00e8s bien pass\u00e9e. Les trois points nous ont fait beaucoup de bien. Dans le jeu, nous avons essay\u00e9, [&hellip;]<\/p>\n","protected":false},"author":12,"featured_media":30334,"comment_status":"closed","ping_status":"closed","sticky":false,"template":"","format":"standard","meta":{"iawp_total_views":276},"categories":[1,24],"tags":[],"_links":{"self":[{"href":"https:\/\/fcliege.be\/fr\/wp-json\/wp\/v2\/posts\/30333"}],"collection":[{"href":"https:\/\/fcliege.be\/fr\/wp-json\/wp\/v2\/posts"}],"about":[{"href":"https:\/\/fcliege.be\/fr\/wp-json\/wp\/v2\/types\/post"}],"author":[{"embeddable":true,"href":"https:\/\/fcliege.be\/fr\/wp-json\/wp\/v2\/users\/12"}],"replies":[{"embeddable":true,"href":"https:\/\/fcliege.be\/fr\/wp-json\/wp\/v2\/comments?post=30333"}],"version-history":[{"count":2,"href":"https:\/\/fcliege.be\/fr\/wp-json\/wp\/v2\/posts\/30333\/revisions"}],"predecessor-version":[{"id":30336,"href":"https:\/\/fcliege.be\/fr\/wp-json\/wp\/v2\/posts\/30333\/revisions\/30336"}],"wp:featuredmedia":[{"embeddable":true,"href":"https:\/\/fcliege.be\/fr\/wp-json\/wp\/v2\/media\/30334"}],"wp:attachment":[{"href":"https:\/\/fcliege.be\/fr\/wp-json\/wp\/v2\/media?parent=30333"}],"wp:term":[{"taxonomy":"category","embeddable":true,"href":"https:\/\/fcliege.be\/fr\/wp-json\/wp\/v2\/categories?post=30333"},{"taxonomy":"post_tag","embeddable":true,"href":"https:\/\/fcliege.be\/fr\/wp-json\/wp\/v2\/tags?post=30333"}],"curies":[{"name":"wp","href":"https:\/\/api.w.org\/{rel}","templated":true}]}}