{"id":30400,"date":"2025-10-22T13:00:00","date_gmt":"2025-10-22T11:00:00","guid":{"rendered":"https:\/\/fcliege.be\/fr\/?p=30400"},"modified":"2025-10-20T21:58:06","modified_gmt":"2025-10-20T19:58:06","slug":"fanshop-veste-polaire-blason","status":"publish","type":"post","link":"https:\/\/fcliege.be\/fr\/fanshop-veste-polaire-blason\/","title":{"rendered":"Fanshop | Veste polaire blason"},"content":{"rendered":"\n<p><\/p>\n\n\n\n<h4 class=\"wp-block-heading\"><strong>La veste polaire blason, votre alli\u00e9e pour affronter l\u2019hiver !<\/strong><\/h4>\n\n\n\n<p><\/p>\n\n\n\n<p>Le Fanshop du RFC Li\u00e8ge enrichit sa collection automne-hiver avec un nouvel incontournable : la veste polaire blason. Pens\u00e9e pour vous prot\u00e9ger des intemp\u00e9ries, elle vous garde au chaud gr\u00e2ce \u00e0 son int\u00e9rieur doubl\u00e9, tandis que son ext\u00e9rieur r\u00e9sistant au vent vous prot\u00e8ge des bourrasques. Confortable et douce, elle deviendra vite votre alli\u00e9e des mois les plus froids.<\/p>\n\n\n\n<p>C\u00f4t\u00e9 style, les touches rouge et bleu affichent subtilement les couleurs du club, et le blason en rubber avec \u00e9l\u00e9ments en relief lui apporte une touche distinctive.<\/p>\n\n\n\n<p>Pour c\u00e9l\u00e9brer la sortie de cette nouvelle pi\u00e8ce, <strong>Reno Wilmots<\/strong> a \u00e9t\u00e9 mis en avant dans un shooting photo r\u00e9alis\u00e9 par la talentueuse photographe li\u00e9geoise <strong>Elodie Timmermans<\/strong>. Le Port des Yachts et la Meuse en toile de fond ont sublim\u00e9 la veste polaire blason tout en mettant en valeur les charmes de notre belle ville de Li\u00e8ge. Une mani\u00e8re parfaite d\u2019allier collection et lieux embl\u00e9matiques de la cit\u00e9 ardente.<\/p>\n\n\n\n<p><strong>Au fanshop lors du match face au RWDM, ce samedi 25 octobre.<\/strong><\/p>\n\n\n\n<h5 class=\"wp-block-heading\"><strong><a href=\"https:\/\/www.fcliege-fanshop.be\/shop\/veste-polaire-blason-2\/\" target=\"_blank\" rel=\"noreferrer noopener\">Commande en ligne sur www.fcliege-fanshop.be<\/a><\/strong><\/h5>\n\n\n\n<figure class=\"wp-block-gallery has-nested-images columns-default is-cropped wp-block-gallery-1 is-layout-flex\">\n<figure class=\"wp-block-image size-large\"><img decoding=\"async\" loading=\"lazy\" width=\"681\" height=\"1024\" data-id=\"30404\"  src=\"https:\/\/fcliege.be\/fr\/wp-content\/uploads\/2025\/10\/97STUDIO_bateau-1WEB-681x1024.jpg\" alt=\"\" class=\"wp-image-30404\" srcset=\"https:\/\/fcliege.be\/fr\/wp-content\/uploads\/2025\/10\/97STUDIO_bateau-1WEB-681x1024.jpg 681w, https:\/\/fcliege.be\/fr\/wp-content\/uploads\/2025\/10\/97STUDIO_bateau-1WEB-200x300.jpg 200w, https:\/\/fcliege.be\/fr\/wp-content\/uploads\/2025\/10\/97STUDIO_bateau-1WEB-768x1154.jpg 768w, https:\/\/fcliege.be\/fr\/wp-content\/uploads\/2025\/10\/97STUDIO_bateau-1WEB.jpg 1331w\" sizes=\"(max-width: 681px) 100vw, 681px\" \/><\/figure>\n\n\n\n<figure class=\"wp-block-image size-large\"><img decoding=\"async\" loading=\"lazy\" width=\"681\" height=\"1024\" data-id=\"30405\"  src=\"https:\/\/fcliege.be\/fr\/wp-content\/uploads\/2025\/10\/97STUDIO_bateau-3WEB-681x1024.jpg\" alt=\"\" class=\"wp-image-30405\" srcset=\"https:\/\/fcliege.be\/fr\/wp-content\/uploads\/2025\/10\/97STUDIO_bateau-3WEB-681x1024.jpg 681w, https:\/\/fcliege.be\/fr\/wp-content\/uploads\/2025\/10\/97STUDIO_bateau-3WEB-200x300.jpg 200w, https:\/\/fcliege.be\/fr\/wp-content\/uploads\/2025\/10\/97STUDIO_bateau-3WEB-768x1154.jpg 768w, https:\/\/fcliege.be\/fr\/wp-content\/uploads\/2025\/10\/97STUDIO_bateau-3WEB.jpg 1331w\" sizes=\"(max-width: 681px) 100vw, 681px\" \/><\/figure>\n\n\n\n<figure class=\"wp-block-image size-large\"><img decoding=\"async\" loading=\"lazy\" width=\"1024\" height=\"1024\" data-id=\"30403\"  src=\"https:\/\/fcliege.be\/fr\/wp-content\/uploads\/2025\/10\/RFCL-Veste-polaire-RFCL-1-1024x1024.jpg\" alt=\"\" class=\"wp-image-30403\" srcset=\"https:\/\/fcliege.be\/fr\/wp-content\/uploads\/2025\/10\/RFCL-Veste-polaire-RFCL-1-1024x1024.jpg 1024w, https:\/\/fcliege.be\/fr\/wp-content\/uploads\/2025\/10\/RFCL-Veste-polaire-RFCL-1-300x300.jpg 300w, https:\/\/fcliege.be\/fr\/wp-content\/uploads\/2025\/10\/RFCL-Veste-polaire-RFCL-1-150x150.jpg 150w, https:\/\/fcliege.be\/fr\/wp-content\/uploads\/2025\/10\/RFCL-Veste-polaire-RFCL-1-768x768.jpg 768w, https:\/\/fcliege.be\/fr\/wp-content\/uploads\/2025\/10\/RFCL-Veste-polaire-RFCL-1.jpg 1200w\" sizes=\"(max-width: 1024px) 100vw, 1024px\" \/><\/figure>\n<\/figure>\n","protected":false},"excerpt":{"rendered":"<p>La veste polaire blason, votre alli\u00e9e pour affronter l\u2019hiver ! Le Fanshop du RFC Li\u00e8ge enrichit sa collection automne-hiver avec un nouvel incontournable : la veste polaire blason. Pens\u00e9e pour vous prot\u00e9ger des intemp\u00e9ries, elle vous garde au chaud gr\u00e2ce \u00e0 son int\u00e9rieur doubl\u00e9, tandis que son ext\u00e9rieur r\u00e9sistant au vent vous prot\u00e8ge des bourrasques. [&hellip;]<\/p>\n","protected":false},"author":12,"featured_media":30402,"comment_status":"closed","ping_status":"closed","sticky":false,"template":"","format":"standard","meta":{"iawp_total_views":269},"categories":[24,28],"tags":[],"_links":{"self":[{"href":"https:\/\/fcliege.be\/fr\/wp-json\/wp\/v2\/posts\/30400"}],"collection":[{"href":"https:\/\/fcliege.be\/fr\/wp-json\/wp\/v2\/posts"}],"about":[{"href":"https:\/\/fcliege.be\/fr\/wp-json\/wp\/v2\/types\/post"}],"author":[{"embeddable":true,"href":"https:\/\/fcliege.be\/fr\/wp-json\/wp\/v2\/users\/12"}],"replies":[{"embeddable":true,"href":"https:\/\/fcliege.be\/fr\/wp-json\/wp\/v2\/comments?post=30400"}],"version-history":[{"count":4,"href":"https:\/\/fcliege.be\/fr\/wp-json\/wp\/v2\/posts\/30400\/revisions"}],"predecessor-version":[{"id":30408,"href":"https:\/\/fcliege.be\/fr\/wp-json\/wp\/v2\/posts\/30400\/revisions\/30408"}],"wp:featuredmedia":[{"embeddable":true,"href":"https:\/\/fcliege.be\/fr\/wp-json\/wp\/v2\/media\/30402"}],"wp:attachment":[{"href":"https:\/\/fcliege.be\/fr\/wp-json\/wp\/v2\/media?parent=30400"}],"wp:term":[{"taxonomy":"category","embeddable":true,"href":"https:\/\/fcliege.be\/fr\/wp-json\/wp\/v2\/categories?post=30400"},{"taxonomy":"post_tag","embeddable":true,"href":"https:\/\/fcliege.be\/fr\/wp-json\/wp\/v2\/tags?post=30400"}],"curies":[{"name":"wp","href":"https:\/\/api.w.org\/{rel}","templated":true}]}}