{"id":30497,"date":"2025-10-27T15:45:00","date_gmt":"2025-10-27T13:45:00","guid":{"rendered":"https:\/\/fcliege.be\/fr\/?p=30497"},"modified":"2025-11-01T21:21:14","modified_gmt":"2025-11-01T19:21:14","slug":"la-parole-a-jordan-bustin","status":"publish","type":"post","link":"https:\/\/fcliege.be\/fr\/la-parole-a-jordan-bustin\/","title":{"rendered":"La parole \u00e0&#8230; Jordan Bustin"},"content":{"rendered":"\n<p><\/p>\n\n\n\n<h4 class=\"wp-block-heading\"><strong>L&rsquo;interview de la semaine en compagnie de Jordan Bustin.<\/strong><\/h4>\n\n\n\n<p><strong>Tout d\u2019abord, Jordan, que s\u2019est-il pass\u00e9 durant les 15 premi\u00e8res minutes, o\u00f9 l\u2019on a eu l\u2019impression que l\u2019\u00e9quipe est un peu pass\u00e9e \u00e0 c\u00f4t\u00e9 de son entame ?<\/strong><\/p>\n\n\n\n<p>On n\u2019a pas d\u00e9marr\u00e9 de la meilleure mani\u00e8re. On a \u00e9t\u00e9 pris \u00e0 froid. L\u2019important, c\u2019est la suite : on a tr\u00e8s bien r\u00e9agi, et c\u2019est \u00e7a qu\u2019il faut retenir.<\/p>\n\n\n\n<p><strong>Apr\u00e8s ces 15 minutes compliqu\u00e9es, le RFC Li\u00e8ge a totalement contr\u00f4l\u00e9 la partie. Qu\u2019est-ce qui a chang\u00e9 \u00e0 0-2 pour inverser la physionomie du match ?<\/strong><\/p>\n\n\n\n<p>Honn\u00eatement, on ne s\u2019est pas dit grand chose. Il y a surtout eu un sursaut d\u2019orgueil. On savait qu\u2019on ne pouvait pas laisser le match filer. Il fallait r\u00e9agir tout de suite et r\u00e9duire l\u2019\u00e9cart le plus vite possible. Men\u00e9s trop longtemps, \u00e7a devenait tr\u00e8s compliqu\u00e9. Heureusement, le but d\u2019Alexis arrive t\u00f4t et relance tout.<\/p>\n\n\n\n<p><strong>Avec ce r\u00e9sultat, l\u2019\u00e9quipe encha\u00eene une quatri\u00e8me victoire d\u2019affil\u00e9e. La pr\u00e9paration id\u00e9ale avant d\u2019affronter Charleroi ?<\/strong><\/p>\n\n\n\n<p>Oui ! Le match face \u00e0 Charleroi est un bonus : pas de pression inutile. Ce sera un beau duel, on va tout donner, mais l\u2019objectif reste le championnat.<\/p>\n\n\n\n<p><strong>Ce derby wallon face au Sporting arrive d\u00e8s mardi. Comment le groupe aborde-t-il ce rendez-vous, qui s\u2019annonce lui aussi passionnant ?<\/strong><\/p>\n\n\n\n<p>On l\u2019aborde comme un match comme les autres, m\u00eame si, \u00e9videmment, en face c\u2019est une \u00e9quipe de D1. On veut les pousser dans leurs retranchements et tenter l\u2019exploit. Comme je l\u2019ai dit, pas de pression : on n\u2019a rien \u00e0 perdre, on doit tout donner et rendre fiers nos supporters.<\/p>\n","protected":false},"excerpt":{"rendered":"<p>L&rsquo;interview de la semaine en compagnie de Jordan Bustin. Tout d\u2019abord, Jordan, que s\u2019est-il pass\u00e9 durant les 15 premi\u00e8res minutes, o\u00f9 l\u2019on a eu l\u2019impression que l\u2019\u00e9quipe est un peu pass\u00e9e \u00e0 c\u00f4t\u00e9 de son entame ? On n\u2019a pas d\u00e9marr\u00e9 de la meilleure mani\u00e8re. On a \u00e9t\u00e9 pris \u00e0 froid. L\u2019important, c\u2019est la suite [&hellip;]<\/p>\n","protected":false},"author":12,"featured_media":30498,"comment_status":"closed","ping_status":"closed","sticky":false,"template":"","format":"standard","meta":{"iawp_total_views":176},"categories":[1],"tags":[],"_links":{"self":[{"href":"https:\/\/fcliege.be\/fr\/wp-json\/wp\/v2\/posts\/30497"}],"collection":[{"href":"https:\/\/fcliege.be\/fr\/wp-json\/wp\/v2\/posts"}],"about":[{"href":"https:\/\/fcliege.be\/fr\/wp-json\/wp\/v2\/types\/post"}],"author":[{"embeddable":true,"href":"https:\/\/fcliege.be\/fr\/wp-json\/wp\/v2\/users\/12"}],"replies":[{"embeddable":true,"href":"https:\/\/fcliege.be\/fr\/wp-json\/wp\/v2\/comments?post=30497"}],"version-history":[{"count":3,"href":"https:\/\/fcliege.be\/fr\/wp-json\/wp\/v2\/posts\/30497\/revisions"}],"predecessor-version":[{"id":30503,"href":"https:\/\/fcliege.be\/fr\/wp-json\/wp\/v2\/posts\/30497\/revisions\/30503"}],"wp:featuredmedia":[{"embeddable":true,"href":"https:\/\/fcliege.be\/fr\/wp-json\/wp\/v2\/media\/30498"}],"wp:attachment":[{"href":"https:\/\/fcliege.be\/fr\/wp-json\/wp\/v2\/media?parent=30497"}],"wp:term":[{"taxonomy":"category","embeddable":true,"href":"https:\/\/fcliege.be\/fr\/wp-json\/wp\/v2\/categories?post=30497"},{"taxonomy":"post_tag","embeddable":true,"href":"https:\/\/fcliege.be\/fr\/wp-json\/wp\/v2\/tags?post=30497"}],"curies":[{"name":"wp","href":"https:\/\/api.w.org\/{rel}","templated":true}]}}