{"id":30537,"date":"2025-11-01T10:00:00","date_gmt":"2025-11-01T08:00:00","guid":{"rendered":"https:\/\/fcliege.be\/fr\/?p=30537"},"modified":"2025-10-31T18:58:33","modified_gmt":"2025-10-31T16:58:33","slug":"la-parole-a-flavio-da-silva","status":"publish","type":"post","link":"https:\/\/fcliege.be\/fr\/la-parole-a-flavio-da-silva\/","title":{"rendered":"La parole \u00e0&#8230; Flavio Da Silva"},"content":{"rendered":"\n<p><\/p>\n\n\n\n<h4 class=\"wp-block-heading\"><strong>L&rsquo;interview de la semaine en compagnie de Flavio Da Silva.<\/strong><\/h4>\n\n\n\n<p><strong>Comment l\u2019\u00e9quipe s\u2019est-elle remise de la d\u00e9faite frustrante conc\u00e9d\u00e9e dans les derniers instants face \u00e0 Charleroi ?<\/strong><\/p>\n\n\n\n<p>Bien, nous avons r\u00e9alis\u00e9 un bon match face au Sporting. Nous n\u2019avons pas de regret. Nous nous sommes rapidement remis au travail le lendemain. La priorit\u00e9 reste le championnat, avec une nouvelle rencontre qui arrive assez vite, d\u00e8s ce samedi, \u00e0 l\u2019Olympic.<\/p>\n\n\n\n<p><strong>L\u2019\u00e9quipe termine sa semaine charg\u00e9e avec un d\u00e9placement \u00e0 l\u2019Olympic, en forme ces derni\u00e8res semaines. Qu\u2019en penses-tu ?<\/strong><\/p>\n\n\n\n<p>Il faudra prendre ce match au s\u00e9rieux. Ils jouent sur leur terrain, ce sera un match compliqu\u00e9. Il ne faudra rien l\u00e2cher, rester soud\u00e9s, se battre les uns pour les autres comme nous l\u2019avons tr\u00e8s bien fait ces derni\u00e8res semaines. Je suis s\u00fbr qu\u2019en faisant cela, nous remporterons la victoire.<\/p>\n\n\n\n<p><strong>Apr\u00e8s la coupe, l\u2019\u00e9quipe doit se reconcentrer sur le championnat pour viser une 5-me victoire de suite.<\/strong><\/p>\n\n\n\n<p>C\u2019est l\u2019objectif. Nous sommes des comp\u00e9titeurs, nous jouons chaque match pour gagner, et nous voulons poursuivre cette belle s\u00e9rie de victoires en championnat pour rester bien accroch\u00e9s dans le haut du classement.<\/p>\n\n\n\n<p><strong>Apr\u00e8s deux matchs intenses dans une ambiance forte, l\u2019\u00e9quipe se rend chez le dernier du classement. Il faudra \u00eatre concern\u00e9 \u00e0 100 % pour prendre les trois points<\/strong>.<\/p>\n\n\n\n<p>En effet, mais comme je l\u2019ai dit pr\u00e9c\u00e9demment, peu importe l\u2019adversaire, nous jouons chaque match pour gagner. J\u2019ai une totale confiance envers les supporters pour nous y aider. Je suis s\u00fbr qu\u2019ils seront nombreux \u00e9galement ce samedi pour nous pousser et nous permettre d\u2019obtenir les trois points.<\/p>\n","protected":false},"excerpt":{"rendered":"<p>L&rsquo;interview de la semaine en compagnie de Flavio Da Silva. Comment l\u2019\u00e9quipe s\u2019est-elle remise de la d\u00e9faite frustrante conc\u00e9d\u00e9e dans les derniers instants face \u00e0 Charleroi ? Bien, nous avons r\u00e9alis\u00e9 un bon match face au Sporting. Nous n\u2019avons pas de regret. Nous nous sommes rapidement remis au travail le lendemain. La priorit\u00e9 reste le [&hellip;]<\/p>\n","protected":false},"author":12,"featured_media":30539,"comment_status":"closed","ping_status":"closed","sticky":false,"template":"","format":"standard","meta":{"iawp_total_views":301},"categories":[1,24],"tags":[],"_links":{"self":[{"href":"https:\/\/fcliege.be\/fr\/wp-json\/wp\/v2\/posts\/30537"}],"collection":[{"href":"https:\/\/fcliege.be\/fr\/wp-json\/wp\/v2\/posts"}],"about":[{"href":"https:\/\/fcliege.be\/fr\/wp-json\/wp\/v2\/types\/post"}],"author":[{"embeddable":true,"href":"https:\/\/fcliege.be\/fr\/wp-json\/wp\/v2\/users\/12"}],"replies":[{"embeddable":true,"href":"https:\/\/fcliege.be\/fr\/wp-json\/wp\/v2\/comments?post=30537"}],"version-history":[{"count":4,"href":"https:\/\/fcliege.be\/fr\/wp-json\/wp\/v2\/posts\/30537\/revisions"}],"predecessor-version":[{"id":30543,"href":"https:\/\/fcliege.be\/fr\/wp-json\/wp\/v2\/posts\/30537\/revisions\/30543"}],"wp:featuredmedia":[{"embeddable":true,"href":"https:\/\/fcliege.be\/fr\/wp-json\/wp\/v2\/media\/30539"}],"wp:attachment":[{"href":"https:\/\/fcliege.be\/fr\/wp-json\/wp\/v2\/media?parent=30537"}],"wp:term":[{"taxonomy":"category","embeddable":true,"href":"https:\/\/fcliege.be\/fr\/wp-json\/wp\/v2\/categories?post=30537"},{"taxonomy":"post_tag","embeddable":true,"href":"https:\/\/fcliege.be\/fr\/wp-json\/wp\/v2\/tags?post=30537"}],"curies":[{"name":"wp","href":"https:\/\/api.w.org\/{rel}","templated":true}]}}