{"id":30544,"date":"2025-11-04T14:00:00","date_gmt":"2025-11-04T12:00:00","guid":{"rendered":"https:\/\/fcliege.be\/fr\/?p=30544"},"modified":"2025-11-04T12:11:37","modified_gmt":"2025-11-04T10:11:37","slug":"fanshop-deux-nouveaux-bonnets-2","status":"publish","type":"post","link":"https:\/\/fcliege.be\/fr\/fanshop-deux-nouveaux-bonnets-2\/","title":{"rendered":"Fanshop | Deux nouveaux bonnets"},"content":{"rendered":"\n<p><\/p>\n\n\n\n<h4 class=\"wp-block-heading\"><strong>Nous vous pr\u00e9sentons les derni\u00e8res nouveaut\u00e9s !<\/strong><\/h4>\n\n\n\n<p><\/p>\n\n\n\n<p>Le fanshop du RFC Li\u00e8ge compl\u00e8te sa collection hivernale avec deux nouveaux bonnets.<\/p>\n\n\n\n<p><strong><a href=\"https:\/\/www.fcliege-fanshop.be\/shop\/bonnet-blason-ligne\/\" target=\"_blank\" rel=\"noreferrer noopener\">Bonnet lign\u00e9 blason<\/a><\/strong> : bleu marine avec des lignes verticales rouges, blason en \u00e9cusson tiss\u00e9 et bords brod\u00e9s, pour un rendu net et soign\u00e9.<\/p>\n\n\n\n<p><strong><a href=\"https:\/\/www.fcliege-fanshop.be\/shop\/bonnet-1892\/\" target=\"_blank\" rel=\"noreferrer noopener\">Bonnet 1892<\/a><\/strong> : gris, avec \u00e9tiquette cousue, rappelant les origines du club et un design simple et efficace.<\/p>\n\n\n\n<p>Ces mod\u00e8les viennent enrichir la gamme de bonnets du RFC Li\u00e8ge, parfaits pour se prot\u00e9ger du froid tout en affichant les couleurs du club.<\/p>\n\n\n\n<p><strong>Au fanshop lors du match face \u00e0 Jong Gent, ce vendredi 7 novembre.<\/strong><\/p>\n\n\n\n<h5 class=\"wp-block-heading\"><strong><a href=\"https:\/\/www.fcliege-fanshop.be\/shop\/\" target=\"_blank\" rel=\"noreferrer noopener\">Commande en ligne sur www.fcliege-fanshop.be<\/a><\/strong><\/h5>\n\n\n\n<figure class=\"wp-block-gallery has-nested-images columns-default is-cropped wp-block-gallery-1 is-layout-flex\">\n<figure class=\"wp-block-image size-large\"><img decoding=\"async\" loading=\"lazy\" width=\"1024\" height=\"1024\" data-id=\"30548\"  src=\"https:\/\/fcliege.be\/fr\/wp-content\/uploads\/2025\/11\/RFCL-Bonnet-Blason-ligne-1-1-1024x1024.jpg\" alt=\"\" class=\"wp-image-30548\" srcset=\"https:\/\/fcliege.be\/fr\/wp-content\/uploads\/2025\/11\/RFCL-Bonnet-Blason-ligne-1-1-1024x1024.jpg 1024w, https:\/\/fcliege.be\/fr\/wp-content\/uploads\/2025\/11\/RFCL-Bonnet-Blason-ligne-1-1-300x300.jpg 300w, https:\/\/fcliege.be\/fr\/wp-content\/uploads\/2025\/11\/RFCL-Bonnet-Blason-ligne-1-1-150x150.jpg 150w, https:\/\/fcliege.be\/fr\/wp-content\/uploads\/2025\/11\/RFCL-Bonnet-Blason-ligne-1-1-768x768.jpg 768w, https:\/\/fcliege.be\/fr\/wp-content\/uploads\/2025\/11\/RFCL-Bonnet-Blason-ligne-1-1.jpg 1200w\" sizes=\"(max-width: 1024px) 100vw, 1024px\" \/><\/figure>\n\n\n\n<figure class=\"wp-block-image size-large\"><img decoding=\"async\" loading=\"lazy\" width=\"1024\" height=\"1024\" data-id=\"30547\"  src=\"https:\/\/fcliege.be\/fr\/wp-content\/uploads\/2025\/11\/RFCL-Bonnet-2026-1892-1-1024x1024.jpg\" alt=\"\" class=\"wp-image-30547\" srcset=\"https:\/\/fcliege.be\/fr\/wp-content\/uploads\/2025\/11\/RFCL-Bonnet-2026-1892-1-1024x1024.jpg 1024w, https:\/\/fcliege.be\/fr\/wp-content\/uploads\/2025\/11\/RFCL-Bonnet-2026-1892-1-300x300.jpg 300w, https:\/\/fcliege.be\/fr\/wp-content\/uploads\/2025\/11\/RFCL-Bonnet-2026-1892-1-150x150.jpg 150w, https:\/\/fcliege.be\/fr\/wp-content\/uploads\/2025\/11\/RFCL-Bonnet-2026-1892-1-768x768.jpg 768w, https:\/\/fcliege.be\/fr\/wp-content\/uploads\/2025\/11\/RFCL-Bonnet-2026-1892-1.jpg 1200w\" sizes=\"(max-width: 1024px) 100vw, 1024px\" \/><\/figure>\n<\/figure>\n","protected":false},"excerpt":{"rendered":"<p>Nous vous pr\u00e9sentons les derni\u00e8res nouveaut\u00e9s ! Le fanshop du RFC Li\u00e8ge compl\u00e8te sa collection hivernale avec deux nouveaux bonnets. Bonnet lign\u00e9 blason : bleu marine avec des lignes verticales rouges, blason en \u00e9cusson tiss\u00e9 et bords brod\u00e9s, pour un rendu net et soign\u00e9. Bonnet 1892 : gris, avec \u00e9tiquette cousue, rappelant les origines du [&hellip;]<\/p>\n","protected":false},"author":12,"featured_media":30553,"comment_status":"closed","ping_status":"closed","sticky":false,"template":"","format":"standard","meta":{"iawp_total_views":120},"categories":[24,28],"tags":[],"_links":{"self":[{"href":"https:\/\/fcliege.be\/fr\/wp-json\/wp\/v2\/posts\/30544"}],"collection":[{"href":"https:\/\/fcliege.be\/fr\/wp-json\/wp\/v2\/posts"}],"about":[{"href":"https:\/\/fcliege.be\/fr\/wp-json\/wp\/v2\/types\/post"}],"author":[{"embeddable":true,"href":"https:\/\/fcliege.be\/fr\/wp-json\/wp\/v2\/users\/12"}],"replies":[{"embeddable":true,"href":"https:\/\/fcliege.be\/fr\/wp-json\/wp\/v2\/comments?post=30544"}],"version-history":[{"count":9,"href":"https:\/\/fcliege.be\/fr\/wp-json\/wp\/v2\/posts\/30544\/revisions"}],"predecessor-version":[{"id":30557,"href":"https:\/\/fcliege.be\/fr\/wp-json\/wp\/v2\/posts\/30544\/revisions\/30557"}],"wp:featuredmedia":[{"embeddable":true,"href":"https:\/\/fcliege.be\/fr\/wp-json\/wp\/v2\/media\/30553"}],"wp:attachment":[{"href":"https:\/\/fcliege.be\/fr\/wp-json\/wp\/v2\/media?parent=30544"}],"wp:term":[{"taxonomy":"category","embeddable":true,"href":"https:\/\/fcliege.be\/fr\/wp-json\/wp\/v2\/categories?post=30544"},{"taxonomy":"post_tag","embeddable":true,"href":"https:\/\/fcliege.be\/fr\/wp-json\/wp\/v2\/tags?post=30544"}],"curies":[{"name":"wp","href":"https:\/\/api.w.org\/{rel}","templated":true}]}}