{"id":30748,"date":"2025-11-24T08:00:00","date_gmt":"2025-11-24T06:00:00","guid":{"rendered":"https:\/\/fcliege.be\/fr\/?p=30748"},"modified":"2025-11-21T00:40:15","modified_gmt":"2025-11-20T22:40:15","slug":"democratie-tolerance-et-libertes","status":"publish","type":"post","link":"https:\/\/fcliege.be\/fr\/democratie-tolerance-et-libertes\/","title":{"rendered":"D\u00e9mocratie, Tol\u00e9rance et Libert\u00e9s"},"content":{"rendered":"\n<p><\/p>\n\n\n\n<h4 class=\"wp-block-heading\"><strong>Les U15 du RFC Li\u00e8ge ont r\u00e9cemment pris part au Parcours D\u00e9mocratie, Tol\u00e9rance et Libert\u00e9s organis\u00e9 par la Ville de Li\u00e8ge.<\/strong><\/h4>\n\n\n\n<p>Au programme : un circuit de 6 km \u00e0 travers plusieurs lieux symboliques de la ville pour aborder concr\u00e8tement des th\u00e8mes essentiels comme la lutte contre le racisme, l\u2019homophobie, les discriminations et la promotion de l\u2019\u00e9galit\u00e9.<\/p>\n\n\n\n<p>Cette activit\u00e9 s\u2019inscrit dans le travail \u00e9ducatif men\u00e9 autour de l\u2019\u00e9quipe : au-del\u00e0 du terrain, les joueurs sont amen\u00e9s \u00e0 r\u00e9fl\u00e9chir \u00e0 leur r\u00f4le de jeunes citoyens, au respect de l\u2019autre et aux valeurs qu\u2019ils v\u00e9hiculent en portant les couleurs du RFC Li\u00e8ge.<\/p>\n\n\n\n<figure class=\"wp-block-gallery has-nested-images columns-default is-cropped wp-block-gallery-1 is-layout-flex\">\n<figure class=\"wp-block-image size-large\"><img decoding=\"async\" loading=\"lazy\" width=\"768\" height=\"1024\" data-id=\"30754\"  src=\"https:\/\/fcliege.be\/fr\/wp-content\/uploads\/2025\/11\/a4efe78b-2c4c-4ff9-b0fb-361cc9c32011-768x1024.jpg\" alt=\"\" class=\"wp-image-30754\" srcset=\"https:\/\/fcliege.be\/fr\/wp-content\/uploads\/2025\/11\/a4efe78b-2c4c-4ff9-b0fb-361cc9c32011-768x1024.jpg 768w, https:\/\/fcliege.be\/fr\/wp-content\/uploads\/2025\/11\/a4efe78b-2c4c-4ff9-b0fb-361cc9c32011-225x300.jpg 225w, https:\/\/fcliege.be\/fr\/wp-content\/uploads\/2025\/11\/a4efe78b-2c4c-4ff9-b0fb-361cc9c32011.jpg 1080w\" sizes=\"(max-width: 768px) 100vw, 768px\" \/><\/figure>\n\n\n\n<figure class=\"wp-block-image size-large\"><img decoding=\"async\" loading=\"lazy\" width=\"768\" height=\"1024\" data-id=\"30752\"  src=\"https:\/\/fcliege.be\/fr\/wp-content\/uploads\/2025\/11\/28469555-4b32-4ed8-8c38-0f83d70b865f-768x1024.jpg\" alt=\"\" class=\"wp-image-30752\" srcset=\"https:\/\/fcliege.be\/fr\/wp-content\/uploads\/2025\/11\/28469555-4b32-4ed8-8c38-0f83d70b865f-768x1024.jpg 768w, https:\/\/fcliege.be\/fr\/wp-content\/uploads\/2025\/11\/28469555-4b32-4ed8-8c38-0f83d70b865f-225x300.jpg 225w, https:\/\/fcliege.be\/fr\/wp-content\/uploads\/2025\/11\/28469555-4b32-4ed8-8c38-0f83d70b865f.jpg 1080w\" sizes=\"(max-width: 768px) 100vw, 768px\" \/><\/figure>\n\n\n\n<figure class=\"wp-block-image size-large\"><img decoding=\"async\" loading=\"lazy\" width=\"768\" height=\"1024\" data-id=\"30753\"  src=\"https:\/\/fcliege.be\/fr\/wp-content\/uploads\/2025\/11\/3f8f2ee5-81cb-40bf-9f5b-a01f23475316-768x1024.jpg\" alt=\"\" class=\"wp-image-30753\" srcset=\"https:\/\/fcliege.be\/fr\/wp-content\/uploads\/2025\/11\/3f8f2ee5-81cb-40bf-9f5b-a01f23475316-768x1024.jpg 768w, https:\/\/fcliege.be\/fr\/wp-content\/uploads\/2025\/11\/3f8f2ee5-81cb-40bf-9f5b-a01f23475316-225x300.jpg 225w, https:\/\/fcliege.be\/fr\/wp-content\/uploads\/2025\/11\/3f8f2ee5-81cb-40bf-9f5b-a01f23475316.jpg 1080w\" sizes=\"(max-width: 768px) 100vw, 768px\" \/><\/figure>\n<\/figure>\n","protected":false},"excerpt":{"rendered":"<p>Les U15 du RFC Li\u00e8ge ont r\u00e9cemment pris part au Parcours D\u00e9mocratie, Tol\u00e9rance et Libert\u00e9s organis\u00e9 par la Ville de Li\u00e8ge. Au programme : un circuit de 6 km \u00e0 travers plusieurs lieux symboliques de la ville pour aborder concr\u00e8tement des th\u00e8mes essentiels comme la lutte contre le racisme, l\u2019homophobie, les discriminations et la promotion [&hellip;]<\/p>\n","protected":false},"author":12,"featured_media":30751,"comment_status":"closed","ping_status":"closed","sticky":false,"template":"","format":"standard","meta":{"iawp_total_views":119},"categories":[24,23],"tags":[],"_links":{"self":[{"href":"https:\/\/fcliege.be\/fr\/wp-json\/wp\/v2\/posts\/30748"}],"collection":[{"href":"https:\/\/fcliege.be\/fr\/wp-json\/wp\/v2\/posts"}],"about":[{"href":"https:\/\/fcliege.be\/fr\/wp-json\/wp\/v2\/types\/post"}],"author":[{"embeddable":true,"href":"https:\/\/fcliege.be\/fr\/wp-json\/wp\/v2\/users\/12"}],"replies":[{"embeddable":true,"href":"https:\/\/fcliege.be\/fr\/wp-json\/wp\/v2\/comments?post=30748"}],"version-history":[{"count":3,"href":"https:\/\/fcliege.be\/fr\/wp-json\/wp\/v2\/posts\/30748\/revisions"}],"predecessor-version":[{"id":30755,"href":"https:\/\/fcliege.be\/fr\/wp-json\/wp\/v2\/posts\/30748\/revisions\/30755"}],"wp:featuredmedia":[{"embeddable":true,"href":"https:\/\/fcliege.be\/fr\/wp-json\/wp\/v2\/media\/30751"}],"wp:attachment":[{"href":"https:\/\/fcliege.be\/fr\/wp-json\/wp\/v2\/media?parent=30748"}],"wp:term":[{"taxonomy":"category","embeddable":true,"href":"https:\/\/fcliege.be\/fr\/wp-json\/wp\/v2\/categories?post=30748"},{"taxonomy":"post_tag","embeddable":true,"href":"https:\/\/fcliege.be\/fr\/wp-json\/wp\/v2\/tags?post=30748"}],"curies":[{"name":"wp","href":"https:\/\/api.w.org\/{rel}","templated":true}]}}