{"id":30847,"date":"2025-11-30T19:07:19","date_gmt":"2025-11-30T17:07:19","guid":{"rendered":"https:\/\/fcliege.be\/fr\/?p=30847"},"modified":"2025-12-08T13:10:11","modified_gmt":"2025-12-08T11:10:11","slug":"dames-resultats-du-week-end-23","status":"publish","type":"post","link":"https:\/\/fcliege.be\/fr\/dames-resultats-du-week-end-23\/","title":{"rendered":"Dames | R\u00e9sultats du week-end"},"content":{"rendered":"\n<p><\/p>\n\n\n\n<p><strong>D\u00e9couvrez les comptes-rendus des matchs de nos \u00e9quipes f\u00e9minines.<\/strong><\/p>\n\n\n\n<p>Rapha\u00ebl et Maurice Quaranta nous r\u00e9sument les rencontres chaque semaine.<\/p>\n\n\n\n<p><\/p>\n\n\n\n<p><strong>EQUIPE A <\/strong>: Beauraing-RFC Liege 0-2<\/p>\n\n\n\n<p>Ce samedi soir, notre d\u00e9placement \u00e0 Beauraing, chez le dernier du championnat, n\u2019a pas \u00e9t\u00e9 une partie de plaisir. Nous avons eu beaucoup de difficult\u00e9s \u00e0 vaincre cette \u00e9quipe sous un d\u00e9luge de pluie et de vent. Aucune construction n\u2019\u00e9tait possible sur un synth\u00e9tique rebondissant et tr\u00e8s glissant.<\/p>\n\n\n\n<p>Nous avions la ma\u00eetrise du jeu, mais notre adversaire du jour avait mis en place une v\u00e9ritable strat\u00e9gie de blocus devant son but, avec deux lignes d\u00e9fensives qu\u2019il \u00e9tait tr\u00e8s difficile de contourner.<\/p>\n\n\n\n<p>Tout en ayant le jeu \u00e0 notre compte, nous avons r\u00e9ussi \u00e0 nous procurer quelques occasions, de mani\u00e8re parcimonieuse, sans toutefois les concr\u00e9tiser. Notamment par Sixtine, bien en jambes, qui a eu plusieurs opportunit\u00e9s pour ouvrir le score.<\/p>\n\n\n\n<p>La premi\u00e8re mi-temps s\u2019est r\u00e9sum\u00e9e \u00e0 buter sans cesse sur cette d\u00e9fense qui ne l\u00e2chait rien. Malgr\u00e9 le \u00ab coup de pouce \u00bb du vent et de la pluie, rien n\u2019y fait : nous rentrons aux vestiaires avec un go\u00fbt amer, sur le score de 0-0.<\/p>\n\n\n\n<p>\u00c0 la mi-temps, nous comprenons que notre jeu n\u2019est pas \u00e0 la hauteur de notre statut. Je lance trois joueuses pour booster notre jeu, apporter plus de qualit\u00e9 dans la construction et davantage d\u2019agressivit\u00e9 positive. Il faut dire que notre semaine d\u2019entra\u00eenement a \u00e9t\u00e9 chahut\u00e9e par l\u2019absence de certaines filles, les maladies ayant physiquement amput\u00e9 notre effectif dans cette p\u00e9riode hivernale.<\/p>\n\n\n\n<p>D\u00e8s l\u2019entame de la deuxi\u00e8me mi-temps, M\u00e9lanie, Anne-Sophie et Summer redonnent vie \u00e0 notre jeu. Celui-ci est plus pos\u00e9 et la construction commence \u00e0 cr\u00e9er des br\u00e8ches chez l\u2019adversaire, notamment par l\u2019interm\u00e9diaire d\u2019In\u00e8s, qui essaie de d\u00e9border sur les flancs. Les ballons arrivent dans le rectangle, mais sans r\u00e9elle pr\u00e9sence de notre part.<\/p>\n\n\n\n<p>Enfin, sur une reprise de toute beaut\u00e9 \u00e0 l\u2019entr\u00e9e du grand rectangle, L\u00e9a Sohet ouvre la marque \u00e0 la 49e minute : 0-1.<\/p>\n\n\n\n<p>Nous devions nous mettre \u00e0 l\u2019abri d\u2019un contre, car l\u2019adversaire ne voulait pas baisser les bras. Il a fallu attendre la 89e minute pour enfin asseoir notre victoire gr\u00e2ce \u00e0 un tir instantan\u00e9 de Summer : 0-2.<\/p>\n\n\n\n<p>Certes, ce n\u2019\u00e9tait pas notre meilleur match, mais l\u2019important \u00e9tait de gagner et de rester au contact du haut du tableau.<\/p>\n\n\n\n<p>Clean sheet : Charlotte Marchal<\/p>\n\n\n\n<p><strong>EQUIPE B<\/strong> : RFC Liege-Sart Tilman 11-0<\/p>\n\n\n\n<p>Notre jeune \u00e9quipe se devait de signer une victoire contre le dernier, avec un maximum de buts pour asseoir son goal-average. D\u00e8s l\u2019entame du match, sous l\u2019impulsion de l\u2019entrejeu, elle d\u00e9veloppe des situations bien construites. Saint-Nicolas, qui \u00e9tait pass\u00e9 par l\u00e0, avait promis beaucoup de buts. Il n\u2019a pas fallu attendre longtemps pour le voir : Aude Duyckaerts ouvre la marque \u00e0 la 7e minute (1-0).<\/p>\n\n\n\n<p>L\u2019\u00e9quipe, bien en place, propose un beau football et est r\u00e9compens\u00e9e par Melis Kilic, en grande forme, qui marque \u00e0 la 14e minute, puis inscrit son deuxi\u00e8me but \u00e0 la 22e minute : 3-0.<\/p>\n\n\n\n<p>Une minute plus tard, Carla Busi, d\u2019une frappe instantan\u00e9e, marque \u00e9galement \u00e0 la 23e minute. L\u2019adversaire est d\u00e9pass\u00e9 par la rapidit\u00e9 de notre jeu et toute l\u2019\u00e9quipe sombre par manque d\u2019exp\u00e9rience. Les courses sans ballon de nos filles font exploser une d\u00e9fense qui en voit de toutes les couleurs. La pause vient \u00e0 point pour Sart Tilman, totalement d\u00e9pass\u00e9, et permet \u00e0 son entra\u00eeneur de tenter de repositionner son \u00e9quipe.<\/p>\n\n\n\n<p>Il ne fallait rien l\u00e2cher et continuer la deuxi\u00e8me mi-temps sur le m\u00eame tempo. C\u2019est ce que fait Melis d\u00e8s la reprise : on sentait d\u00e9j\u00e0 \u00e0 l\u2019entra\u00eenement que sa fra\u00eecheur revenait, et cela lui permet d\u2019enfiler un troisi\u00e8me but \u00e0 la 54e minute : 5-0. Notre jeune \u00e9quipe a du talent ; cette saison doit servir \u00e0 pr\u00e9parer l\u2019avenir, gagner en maturit\u00e9 et venir frapper \u00e0 la porte de l\u2019\u00e9quipe de D2. C\u2019est l\u2019objectif de tout entra\u00eeneur.<\/p>\n\n\n\n<p>\u00c0 la 56e minute, L\u00e9a Lorent marque son premier but de la soir\u00e9e (6-0) et s\u2019illustrera encore \u00e0 la 60e pour inscrire son deuxi\u00e8me but (7-0). Les buts tombent du ciel comme les gouttes de pluie qui commencent \u00e0 tomber. Julie Renard, qui \u00ab turbine \u00bb \u00e0 200 % dans l\u2019entrejeu avec ses partenaires de combat, Lucie Petit et Sophie Hutschemackers, a la mainmise sur le milieu. Julie est r\u00e9compens\u00e9e \u00e0 la 70e minute : 8-0.<\/p>\n\n\n\n<p>Notre capitaine, Lara Marquette, arri\u00e8re droite, ne veut pas rester en retrait : elle s\u2019offre le luxe de marquer \u00e0 la 72e minute (9-0). Pour terminer cette belle soir\u00e9e, \u00e0 la 80e minute, Aude inscrit son deuxi\u00e8me but (10-0).<\/p>\n\n\n\n<p>Notre talentueuse Kenza Alletto, align\u00e9e \u00e0 une autre position, se retrouve elle aussi en situation de but et en profite pour inscrire son premier but de la soir\u00e9e et cl\u00f4turer ce beau match contre Sart Tilman : \u00e0 la 88e minute, Kenza alourdit la note \u00e0 11-0. La fin du match est siffl\u00e9e par un excellent arbitre.<\/p>\n\n\n\n<p>Clean sheet : Lucie Hempte<\/p>\n","protected":false},"excerpt":{"rendered":"<p>D\u00e9couvrez les comptes-rendus des matchs de nos \u00e9quipes f\u00e9minines. Rapha\u00ebl et Maurice Quaranta nous r\u00e9sument les rencontres chaque semaine. EQUIPE A : Beauraing-RFC Liege 0-2 Ce samedi soir, notre d\u00e9placement \u00e0 Beauraing, chez le dernier du championnat, n\u2019a pas \u00e9t\u00e9 une partie de plaisir. Nous avons eu beaucoup de difficult\u00e9s \u00e0 vaincre cette \u00e9quipe sous [&hellip;]<\/p>\n","protected":false},"author":12,"featured_media":30850,"comment_status":"closed","ping_status":"closed","sticky":false,"template":"","format":"standard","meta":{"iawp_total_views":148},"categories":[70],"tags":[],"_links":{"self":[{"href":"https:\/\/fcliege.be\/fr\/wp-json\/wp\/v2\/posts\/30847"}],"collection":[{"href":"https:\/\/fcliege.be\/fr\/wp-json\/wp\/v2\/posts"}],"about":[{"href":"https:\/\/fcliege.be\/fr\/wp-json\/wp\/v2\/types\/post"}],"author":[{"embeddable":true,"href":"https:\/\/fcliege.be\/fr\/wp-json\/wp\/v2\/users\/12"}],"replies":[{"embeddable":true,"href":"https:\/\/fcliege.be\/fr\/wp-json\/wp\/v2\/comments?post=30847"}],"version-history":[{"count":3,"href":"https:\/\/fcliege.be\/fr\/wp-json\/wp\/v2\/posts\/30847\/revisions"}],"predecessor-version":[{"id":30851,"href":"https:\/\/fcliege.be\/fr\/wp-json\/wp\/v2\/posts\/30847\/revisions\/30851"}],"wp:featuredmedia":[{"embeddable":true,"href":"https:\/\/fcliege.be\/fr\/wp-json\/wp\/v2\/media\/30850"}],"wp:attachment":[{"href":"https:\/\/fcliege.be\/fr\/wp-json\/wp\/v2\/media?parent=30847"}],"wp:term":[{"taxonomy":"category","embeddable":true,"href":"https:\/\/fcliege.be\/fr\/wp-json\/wp\/v2\/categories?post=30847"},{"taxonomy":"post_tag","embeddable":true,"href":"https:\/\/fcliege.be\/fr\/wp-json\/wp\/v2\/tags?post=30847"}],"curies":[{"name":"wp","href":"https:\/\/api.w.org\/{rel}","templated":true}]}}