{"id":30888,"date":"2025-12-07T00:28:22","date_gmt":"2025-12-06T22:28:22","guid":{"rendered":"https:\/\/fcliege.be\/fr\/?p=30888"},"modified":"2025-12-07T00:46:18","modified_gmt":"2025-12-06T22:46:18","slug":"la-parole-a-jona-dostilio-2","status":"publish","type":"post","link":"https:\/\/fcliege.be\/fr\/la-parole-a-jona-dostilio-2\/","title":{"rendered":"La parole \u00e0&#8230; Jona D&rsquo;Ostilio"},"content":{"rendered":"\n<p><\/p>\n\n\n\n<h4 class=\"wp-block-heading\"><strong>L&rsquo;interview de la semaine en compagnie de Jonathan D&rsquo;Ostilio.<\/strong><\/h4>\n\n\n\n<p><strong>Coment s\u2019est pass\u00e9e la semaine apr\u00e8s un match compliqu\u00e9 au Beerschot ?<\/strong><\/p>\n\n\n\n<p>Comme nous devions r\u00e9agir apr\u00e8s une d\u00e9faite, nous nous sommes remis au travail. Nous savons que nous traversons une p\u00e9riode plus compliqu\u00e9e avec ce bilan d\u2019un point sur douze, mais je pense que tout n\u2019est pas \u00e0 jeter. Depuis le d\u00e9but de la saison \u2014 qui a \u00e9t\u00e9 r\u00e9ussi \u2014 nous sommes toujours 5\u00e8mes et en lice pour le top 6. Il faut gommer ces petites erreurs qui nous co\u00fbtent parfois des buts et esp\u00e9rer que le brin de r\u00e9ussite que nous avions en d\u00e9but de saison revienne, car il en faut toujours dans le football.<\/p>\n\n\n\n<p><strong>Comme face \u00e0 Beveren, on a pu voir le niveau du top de la division et le travail qu\u2019il reste encore \u00e0 accomplir pour ramener le club \u00e0 sa place parmi l\u2019\u00e9lite. Qu\u2019en penses-tu ?<\/strong><\/p>\n\n\n\n<p>En effet, le Beerschot est une \u00e9quipe tr\u00e8s compl\u00e8te, on le savait, aussi bien tactiquement que physiquement. Mais je pense que nous avons aussi beaucoup de qualit\u00e9s dans ce groupe. Nous l\u2019avons montr\u00e9 \u00e0 plusieurs reprises depuis le d\u00e9but de saison et je pense que nous pouvons bousculer ces \u00e9quipes quand les conditions sont r\u00e9unies. Nous devons sans doute croire davantage en nous-m\u00eames et en nos capacit\u00e9s. C\u2019est peut-\u00eatre ce qu\u2019il nous manque parfois : ce facteur mental qui peut faire pencher la balance en notre faveur face \u00e0 ces grosses \u00e9curies.<\/p>\n\n\n\n<p><strong>Apr\u00e8s trois d\u00e9faites de rang, l\u2019\u00e9quipe va devoir r\u00e9agir \u00e0 domicile. Comment abordez-vous ce match ? Y a-t-il plus de pression que d\u2019habitude ?<\/strong><\/p>\n\n\n\n<p>Non, il n\u2019y a pas plus de pression que d\u2019habitude. Comme je l\u2019ai dit, nous ne devons pas oublier ce que nous avons r\u00e9alis\u00e9 plus t\u00f4t cette saison. D\u00e9sormais, nous devons retrouver la confiance, surtout \u00e0 domicile, que nous avions les saisons pr\u00e9c\u00e9dentes, et retrouver aussi la solidit\u00e9 d\u00e9fensive. Si nous mettons tout \u00e7a en \u0153uvre, je suis certain que nous ferons douter Courtrai.<\/p>\n\n\n\n<p><strong>Courtrai est sans doute l\u2019\u00e9quipe la plus exp\u00e9riment\u00e9e de ce championnat. L\u2019efficacit\u00e9 et la patience seront-elles les mots d\u2019ordre pour prendre quelque chose dimanche ?<\/strong><\/p>\n\n\n\n<p>Il y aura plusieurs facteurs \u00e0 prendre en compte. Comme tu l\u2019as dit, l\u2019efficacit\u00e9 et la patience seront importantes. Il faudra \u00e9galement \u00eatre costaud dans les duels et tactiquement irr\u00e9prochable, car ce sont des \u00e9quipes capables de profiter de la moindre opportunit\u00e9. Nous devrons donc \u00eatre attentifs de la premi\u00e8re \u00e0 la derni\u00e8re minute et leur laisser le moins d\u2019espace possible.<\/p>\n","protected":false},"excerpt":{"rendered":"<p>L&rsquo;interview de la semaine en compagnie de Jonathan D&rsquo;Ostilio. Coment s\u2019est pass\u00e9e la semaine apr\u00e8s un match compliqu\u00e9 au Beerschot ? Comme nous devions r\u00e9agir apr\u00e8s une d\u00e9faite, nous nous sommes remis au travail. Nous savons que nous traversons une p\u00e9riode plus compliqu\u00e9e avec ce bilan d\u2019un point sur douze, mais je pense que tout [&hellip;]<\/p>\n","protected":false},"author":12,"featured_media":30890,"comment_status":"closed","ping_status":"closed","sticky":false,"template":"","format":"standard","meta":{"iawp_total_views":198},"categories":[1,24],"tags":[],"_links":{"self":[{"href":"https:\/\/fcliege.be\/fr\/wp-json\/wp\/v2\/posts\/30888"}],"collection":[{"href":"https:\/\/fcliege.be\/fr\/wp-json\/wp\/v2\/posts"}],"about":[{"href":"https:\/\/fcliege.be\/fr\/wp-json\/wp\/v2\/types\/post"}],"author":[{"embeddable":true,"href":"https:\/\/fcliege.be\/fr\/wp-json\/wp\/v2\/users\/12"}],"replies":[{"embeddable":true,"href":"https:\/\/fcliege.be\/fr\/wp-json\/wp\/v2\/comments?post=30888"}],"version-history":[{"count":4,"href":"https:\/\/fcliege.be\/fr\/wp-json\/wp\/v2\/posts\/30888\/revisions"}],"predecessor-version":[{"id":30894,"href":"https:\/\/fcliege.be\/fr\/wp-json\/wp\/v2\/posts\/30888\/revisions\/30894"}],"wp:featuredmedia":[{"embeddable":true,"href":"https:\/\/fcliege.be\/fr\/wp-json\/wp\/v2\/media\/30890"}],"wp:attachment":[{"href":"https:\/\/fcliege.be\/fr\/wp-json\/wp\/v2\/media?parent=30888"}],"wp:term":[{"taxonomy":"category","embeddable":true,"href":"https:\/\/fcliege.be\/fr\/wp-json\/wp\/v2\/categories?post=30888"},{"taxonomy":"post_tag","embeddable":true,"href":"https:\/\/fcliege.be\/fr\/wp-json\/wp\/v2\/tags?post=30888"}],"curies":[{"name":"wp","href":"https:\/\/api.w.org\/{rel}","templated":true}]}}