{"id":30959,"date":"2025-12-17T15:26:39","date_gmt":"2025-12-17T13:26:39","guid":{"rendered":"https:\/\/fcliege.be\/fr\/?p=30959"},"modified":"2025-12-17T15:26:40","modified_gmt":"2025-12-17T13:26:40","slug":"la-parole-a-lucca-lucker","status":"publish","type":"post","link":"https:\/\/fcliege.be\/fr\/la-parole-a-lucca-lucker\/","title":{"rendered":"La parole \u00e0&#8230; Lucca Lucker"},"content":{"rendered":"\n<p><\/p>\n\n\n\n<h4 class=\"wp-block-heading\"><strong>L&rsquo;interview de la semaine en compagnie de Jonathan D&rsquo;Ostilio.<\/strong><\/h4>\n\n\n\n<p><strong>Tout d\u2019abord, qu\u2019est-ce que \u00e7a te fait d\u2019\u00eatre enfin de retour ? On te sentait tr\u00e8s impatient pendant ta revalidation.<\/strong><\/p>\n\n\n\n<p>Oui, \u00e7a me fait vraiment plaisir de pouvoir \u00e0 nouveau jouer des matchs, surtout apr\u00e8s deux mois d\u2019absence. C\u2019\u00e9tait vraiment long. Je suis donc tr\u00e8s heureux d\u2019\u00eatre de retour avec le groupe et, en plus, d\u2019avoir pu aider l\u2019\u00e9quipe \u00e0 gagner face \u00e0 Courtrai.<\/p>\n\n\n\n<p><strong>Li\u00e8ge reste sur une belle victoire. Il faudra confirmer face \u00e0 Lokeren<\/strong>&#8230;<\/p>\n\n\n\n<p>Oui, clairement. L\u2019objectif est de gagner chaque match. Nous avons analys\u00e9 Lokeren et nous allons tout donner ce jeudi pour encha\u00eener les bons r\u00e9sultats.<\/p>\n\n\n\n<p><strong>La saison derni\u00e8re, le RFC Li\u00e8ge avait affront\u00e9 Lokeren pour cl\u00f4turer l\u2019ann\u00e9e \u00e0 domicile (d\u00e9faite 0-1). Est-ce l\u2019occasion de prendre une revanche cette ann\u00e9e ?<\/strong><\/p>\n\n\n\n<p>En effet, comme je l\u2019ai dit pr\u00e9c\u00e9demment, l\u2019objectif est de gagner chaque rencontre. Mais c\u2019est vrai que ce serait d\u2019autant plus satisfaisant de pouvoir prendre notre revanche par rapport \u00e0 l\u2019ann\u00e9e derni\u00e8re.<\/p>\n\n\n\n<p><strong>\u00c0 la fin du 1er tour, l\u2019\u00e9quipe est bien en lice pour le top 6. Quel bilan tires-tu ?<\/strong><\/p>\n\n\n\n<p>Je pense que nous pouvons \u00eatre satisfaits. Nous avons eu de tr\u00e8s bonnes p\u00e9riodes, m\u00eame si nous avons aussi travers\u00e9 des moments plus difficiles. Il reste maintenant deux matchs avant la tr\u00eave : \u00e0 nous de faire le travail pour passer l\u2019hiver au chaud, dans le top 6.<\/p>\n","protected":false},"excerpt":{"rendered":"<p>L&rsquo;interview de la semaine en compagnie de Jonathan D&rsquo;Ostilio. Tout d\u2019abord, qu\u2019est-ce que \u00e7a te fait d\u2019\u00eatre enfin de retour ? On te sentait tr\u00e8s impatient pendant ta revalidation. Oui, \u00e7a me fait vraiment plaisir de pouvoir \u00e0 nouveau jouer des matchs, surtout apr\u00e8s deux mois d\u2019absence. C\u2019\u00e9tait vraiment long. Je suis donc tr\u00e8s heureux [&hellip;]<\/p>\n","protected":false},"author":12,"featured_media":30960,"comment_status":"closed","ping_status":"closed","sticky":false,"template":"","format":"standard","meta":{"iawp_total_views":154},"categories":[1,24],"tags":[],"_links":{"self":[{"href":"https:\/\/fcliege.be\/fr\/wp-json\/wp\/v2\/posts\/30959"}],"collection":[{"href":"https:\/\/fcliege.be\/fr\/wp-json\/wp\/v2\/posts"}],"about":[{"href":"https:\/\/fcliege.be\/fr\/wp-json\/wp\/v2\/types\/post"}],"author":[{"embeddable":true,"href":"https:\/\/fcliege.be\/fr\/wp-json\/wp\/v2\/users\/12"}],"replies":[{"embeddable":true,"href":"https:\/\/fcliege.be\/fr\/wp-json\/wp\/v2\/comments?post=30959"}],"version-history":[{"count":1,"href":"https:\/\/fcliege.be\/fr\/wp-json\/wp\/v2\/posts\/30959\/revisions"}],"predecessor-version":[{"id":30961,"href":"https:\/\/fcliege.be\/fr\/wp-json\/wp\/v2\/posts\/30959\/revisions\/30961"}],"wp:featuredmedia":[{"embeddable":true,"href":"https:\/\/fcliege.be\/fr\/wp-json\/wp\/v2\/media\/30960"}],"wp:attachment":[{"href":"https:\/\/fcliege.be\/fr\/wp-json\/wp\/v2\/media?parent=30959"}],"wp:term":[{"taxonomy":"category","embeddable":true,"href":"https:\/\/fcliege.be\/fr\/wp-json\/wp\/v2\/categories?post=30959"},{"taxonomy":"post_tag","embeddable":true,"href":"https:\/\/fcliege.be\/fr\/wp-json\/wp\/v2\/tags?post=30959"}],"curies":[{"name":"wp","href":"https:\/\/api.w.org\/{rel}","templated":true}]}}