{"id":30962,"date":"2025-12-18T12:10:46","date_gmt":"2025-12-18T10:10:46","guid":{"rendered":"https:\/\/fcliege.be\/fr\/?p=30962"},"modified":"2025-12-18T12:10:59","modified_gmt":"2025-12-18T10:10:59","slug":"reunion-avec-les-clubs-de-supporters","status":"publish","type":"post","link":"https:\/\/fcliege.be\/fr\/reunion-avec-les-clubs-de-supporters\/","title":{"rendered":"R\u00e9union avec les Clubs de supporters"},"content":{"rendered":"\n<p><\/p>\n\n\n\n<h4 class=\"wp-block-heading\"><strong>Hier soir, le RFC Li\u00e8ge a organis\u00e9 une premi\u00e8re r\u00e9union de travail avec les Clubs de supporters et notre nouveau CEO, Thomas Rodrigues Pereira.<\/strong><\/h4>\n\n\n\n<p>L\u2019objectif \u00e9tait simple : ouvrir un \u00e9change direct. Les repr\u00e9sentants des diff\u00e9rents clubs ont pu partager leurs pr\u00e9occupations, leurs id\u00e9es et leurs attentes, et le Club a pris le temps d\u2019\u00e9couter chaque point avec attention.<\/p>\n\n\n\n<p>Ces rencontres seront reconduites plusieurs fois par an, afin de suivre les sujets abord\u00e9s et de mettre en \u0153uvre, de mani\u00e8re concr\u00e8te, les pistes \u00e9voqu\u00e9es ensemble.<\/p>\n","protected":false},"excerpt":{"rendered":"<p>Hier soir, le RFC Li\u00e8ge a organis\u00e9 une premi\u00e8re r\u00e9union de travail avec les Clubs de supporters et notre nouveau CEO, Thomas Rodrigues Pereira. L\u2019objectif \u00e9tait simple : ouvrir un \u00e9change direct. Les repr\u00e9sentants des diff\u00e9rents clubs ont pu partager leurs pr\u00e9occupations, leurs id\u00e9es et leurs attentes, et le Club a pris le temps d\u2019\u00e9couter [&hellip;]<\/p>\n","protected":false},"author":12,"featured_media":30964,"comment_status":"closed","ping_status":"closed","sticky":false,"template":"","format":"standard","meta":{"iawp_total_views":211},"categories":[24,28],"tags":[],"_links":{"self":[{"href":"https:\/\/fcliege.be\/fr\/wp-json\/wp\/v2\/posts\/30962"}],"collection":[{"href":"https:\/\/fcliege.be\/fr\/wp-json\/wp\/v2\/posts"}],"about":[{"href":"https:\/\/fcliege.be\/fr\/wp-json\/wp\/v2\/types\/post"}],"author":[{"embeddable":true,"href":"https:\/\/fcliege.be\/fr\/wp-json\/wp\/v2\/users\/12"}],"replies":[{"embeddable":true,"href":"https:\/\/fcliege.be\/fr\/wp-json\/wp\/v2\/comments?post=30962"}],"version-history":[{"count":2,"href":"https:\/\/fcliege.be\/fr\/wp-json\/wp\/v2\/posts\/30962\/revisions"}],"predecessor-version":[{"id":30965,"href":"https:\/\/fcliege.be\/fr\/wp-json\/wp\/v2\/posts\/30962\/revisions\/30965"}],"wp:featuredmedia":[{"embeddable":true,"href":"https:\/\/fcliege.be\/fr\/wp-json\/wp\/v2\/media\/30964"}],"wp:attachment":[{"href":"https:\/\/fcliege.be\/fr\/wp-json\/wp\/v2\/media?parent=30962"}],"wp:term":[{"taxonomy":"category","embeddable":true,"href":"https:\/\/fcliege.be\/fr\/wp-json\/wp\/v2\/categories?post=30962"},{"taxonomy":"post_tag","embeddable":true,"href":"https:\/\/fcliege.be\/fr\/wp-json\/wp\/v2\/tags?post=30962"}],"curies":[{"name":"wp","href":"https:\/\/api.w.org\/{rel}","templated":true}]}}