{"id":30985,"date":"2025-12-20T13:12:16","date_gmt":"2025-12-20T11:12:16","guid":{"rendered":"https:\/\/fcliege.be\/fr\/?p=30985"},"modified":"2025-12-20T13:12:17","modified_gmt":"2025-12-20T11:12:17","slug":"la-parole-a-jordi-belin-2","status":"publish","type":"post","link":"https:\/\/fcliege.be\/fr\/la-parole-a-jordi-belin-2\/","title":{"rendered":"La parole \u00e0&#8230; Jordi Belin"},"content":{"rendered":"\n<p><\/p>\n\n\n\n<h4 class=\"wp-block-heading\"><strong>L&rsquo;interview de la semaine en compagnie de Jordin Belin.<\/strong><\/h4>\n\n\n\n<p><strong>Jordi, match compliqu\u00e9 jeudi pour l\u2019\u00e9quipe. \u00c0 ton avis, qu\u2019est-ce qu\u2019il aurait fallu faire pour mettre davantage Lokeren en difficult\u00e9 ?<\/strong><\/p>\n\n\n\n<p>Comme tu l\u2019as dit, c\u2019\u00e9tait un match tr\u00e8s compliqu\u00e9. Je pense que le probl\u00e8me, c\u2019est que nous n\u2019avons pas r\u00e9ussi \u00e0 mettre la m\u00eame intensit\u00e9 que contre Courtrai. Certes, les circonstances n\u2019\u00e9taient pas id\u00e9ales, mais ce match est derri\u00e8re nous. Nous devons d\u00e9sormais nous concentrer sur celui de demain.<\/p>\n\n\n\n<p><strong>Le RFC Li\u00e8ge n\u2019a pas pu encha\u00eener apr\u00e8s sa magnifique prestation d&rsquo;il y a dix jours. Comment expliques-tu cette irr\u00e9gularit\u00e9, parfois, dans le jeu ?<\/strong><\/p>\n\n\n\n<p>Pour \u00eatre honn\u00eate, nous nous posons la m\u00eame question. Je pense que tout le monde se donne \u00e0 fond \u00e0 chaque match. Parfois, certains facteurs \u2014 comme la chance \u2014 jouent en ta faveur, et d\u2019autres fois non. Mais la chance, \u00e7a se provoque, et \u00e0 mon avis, nous ne l\u2019avons pas assez fait contre Lokeren.<\/p>\n\n\n\n<p><strong>Ce week-end, match tr\u00e8s important pour les supporters. Depuis le renouveau du RWDM, Li\u00e8ge ne s\u2019est jamais impos\u00e9 l\u00e0-bas. Est-ce que ce sera la bonne ce dimanche ?<\/strong><\/p>\n\n\n\n<p>On l\u2019esp\u00e8re. Nous allons tout faire pour y arriver. Nous devons une revanche \u00e0 nos supporters apr\u00e8s la prestation de jeudi. Nous allons donner notre maximum pour terminer l\u2019ann\u00e9e sur une bonne note.<\/p>\n\n\n\n<p><strong>Le RWDM reste sur un bilan d\u2019une victoire sur les huit derniers matchs. Cette \u00e9quipe conna\u00eet une saison difficile. Est-ce que la victoire est obligatoire dimanche ?<\/strong><\/p>\n\n\n\n<p>Obligatoire, oui et non. En tant que joueurs, nous voulons toujours gagner tous nos matchs, mais nous ne sommes qu\u2019\u00e0 la moiti\u00e9 de la saison : il n\u2019y a donc pas de pression n\u00e9gative. Chaque \u00e9quipe veut bien terminer l\u2019ann\u00e9e, et c\u2019est aussi notre cas. Et comme je le r\u00e9p\u00e8te, nous allons nous donner \u00e0 100 % pour nos supporters et les rendre fiers.<\/p>\n","protected":false},"excerpt":{"rendered":"<p>L&rsquo;interview de la semaine en compagnie de Jordin Belin. Jordi, match compliqu\u00e9 jeudi pour l\u2019\u00e9quipe. \u00c0 ton avis, qu\u2019est-ce qu\u2019il aurait fallu faire pour mettre davantage Lokeren en difficult\u00e9 ? Comme tu l\u2019as dit, c\u2019\u00e9tait un match tr\u00e8s compliqu\u00e9. Je pense que le probl\u00e8me, c\u2019est que nous n\u2019avons pas r\u00e9ussi \u00e0 mettre la m\u00eame intensit\u00e9 [&hellip;]<\/p>\n","protected":false},"author":12,"featured_media":30986,"comment_status":"closed","ping_status":"closed","sticky":false,"template":"","format":"standard","meta":{"iawp_total_views":288},"categories":[1,24],"tags":[],"_links":{"self":[{"href":"https:\/\/fcliege.be\/fr\/wp-json\/wp\/v2\/posts\/30985"}],"collection":[{"href":"https:\/\/fcliege.be\/fr\/wp-json\/wp\/v2\/posts"}],"about":[{"href":"https:\/\/fcliege.be\/fr\/wp-json\/wp\/v2\/types\/post"}],"author":[{"embeddable":true,"href":"https:\/\/fcliege.be\/fr\/wp-json\/wp\/v2\/users\/12"}],"replies":[{"embeddable":true,"href":"https:\/\/fcliege.be\/fr\/wp-json\/wp\/v2\/comments?post=30985"}],"version-history":[{"count":2,"href":"https:\/\/fcliege.be\/fr\/wp-json\/wp\/v2\/posts\/30985\/revisions"}],"predecessor-version":[{"id":30988,"href":"https:\/\/fcliege.be\/fr\/wp-json\/wp\/v2\/posts\/30985\/revisions\/30988"}],"wp:featuredmedia":[{"embeddable":true,"href":"https:\/\/fcliege.be\/fr\/wp-json\/wp\/v2\/media\/30986"}],"wp:attachment":[{"href":"https:\/\/fcliege.be\/fr\/wp-json\/wp\/v2\/media?parent=30985"}],"wp:term":[{"taxonomy":"category","embeddable":true,"href":"https:\/\/fcliege.be\/fr\/wp-json\/wp\/v2\/categories?post=30985"},{"taxonomy":"post_tag","embeddable":true,"href":"https:\/\/fcliege.be\/fr\/wp-json\/wp\/v2\/tags?post=30985"}],"curies":[{"name":"wp","href":"https:\/\/api.w.org\/{rel}","templated":true}]}}