{"id":31242,"date":"2026-01-26T19:08:51","date_gmt":"2026-01-26T17:08:51","guid":{"rendered":"https:\/\/fcliege.be\/fr\/?p=31242"},"modified":"2026-01-30T13:20:28","modified_gmt":"2026-01-30T11:20:28","slug":"la-parole-a-kevin-shkurti","status":"publish","type":"post","link":"https:\/\/fcliege.be\/fr\/la-parole-a-kevin-shkurti\/","title":{"rendered":"La parole \u00e0&#8230; Kevin Shkurti"},"content":{"rendered":"\n<p><\/p>\n\n\n\n<h4 class=\"wp-block-heading\"><strong>L&rsquo;interview de la semaine en compagnie de Kevin Shkurti.<\/strong><\/h4>\n\n\n\n<p><strong>Kevin, on imagine qu\u2019il y a beaucoup de d\u00e9ception apr\u00e8s avoir men\u00e9 jusqu\u2019aux derni\u00e8res minutes \u00e0 Seraing. Comment analyses-tu cette rencontre, particuli\u00e8rement la deuxi\u00e8me p\u00e9riode ?<\/strong><\/p>\n\n\n\n<p>Oui, il y a beaucoup de d\u00e9ception. Nous menions 0-2 \u00e0 la mi-temps. En d\u00e9but de seconde p\u00e9riode, on a essay\u00e9 de g\u00e9rer le score et c\u2019est peut-\u00eatre ce qui s\u2019est retourn\u00e9 contre nous : on a trop compt\u00e9 sur nos deux buts d\u2019avance. C\u2019est l\u00e0, je pense, qu\u2019on a commis une erreur, parce qu\u2019ensuite, on a subi les attaques s\u00e9r\u00e9siennes.<\/p>\n\n\n\n<p><strong>Il faut maintenant rapidement se remobiliser avec la venue de Lommel d\u00e8s ce mardi, pour un choc entre deux concurrents aux play-offs.<\/strong><\/p>\n\n\n\n<p>Lommel est en grande forme. Ils viennent d\u2019encha\u00eener six victoires cons\u00e9cutives. Ce sera un match compliqu\u00e9 face \u00e0 une \u00e9quipe qui, comme tu l\u2019as dit, est un concurrent direct pour le top 6. Il faudra l\u2019emporter pour rester dans la course et se rapprocher d\u2019eux au classement.<\/p>\n\n\n\n<p><strong>Premier but en match officiel. M\u00eame si ce n\u2019est pas le plus difficile de ta carri\u00e8re, tu as \u00e9t\u00e9 au bon endroit. On imagine qu\u2019il est important pour toi<\/strong> ?<\/p>\n\n\n\n<p>Exactement. C\u2019est mon premier but chez les professionnels et j\u2019en suis tr\u00e8s heureux, m\u00eame si, malheureusement, au final, il ne nous rapporte pas les trois points. \u00c0 nous de r\u00e9agir et de rattraper ces deux points perdus d\u00e8s demain.<\/p>\n","protected":false},"excerpt":{"rendered":"<p>L&rsquo;interview de la semaine en compagnie de Kevin Shkurti. Kevin, on imagine qu\u2019il y a beaucoup de d\u00e9ception apr\u00e8s avoir men\u00e9 jusqu\u2019aux derni\u00e8res minutes \u00e0 Seraing. Comment analyses-tu cette rencontre, particuli\u00e8rement la deuxi\u00e8me p\u00e9riode ? Oui, il y a beaucoup de d\u00e9ception. Nous menions 0-2 \u00e0 la mi-temps. En d\u00e9but de seconde p\u00e9riode, on a [&hellip;]<\/p>\n","protected":false},"author":12,"featured_media":31245,"comment_status":"closed","ping_status":"closed","sticky":false,"template":"","format":"standard","meta":{"iawp_total_views":374},"categories":[1],"tags":[],"_links":{"self":[{"href":"https:\/\/fcliege.be\/fr\/wp-json\/wp\/v2\/posts\/31242"}],"collection":[{"href":"https:\/\/fcliege.be\/fr\/wp-json\/wp\/v2\/posts"}],"about":[{"href":"https:\/\/fcliege.be\/fr\/wp-json\/wp\/v2\/types\/post"}],"author":[{"embeddable":true,"href":"https:\/\/fcliege.be\/fr\/wp-json\/wp\/v2\/users\/12"}],"replies":[{"embeddable":true,"href":"https:\/\/fcliege.be\/fr\/wp-json\/wp\/v2\/comments?post=31242"}],"version-history":[{"count":5,"href":"https:\/\/fcliege.be\/fr\/wp-json\/wp\/v2\/posts\/31242\/revisions"}],"predecessor-version":[{"id":31248,"href":"https:\/\/fcliege.be\/fr\/wp-json\/wp\/v2\/posts\/31242\/revisions\/31248"}],"wp:featuredmedia":[{"embeddable":true,"href":"https:\/\/fcliege.be\/fr\/wp-json\/wp\/v2\/media\/31245"}],"wp:attachment":[{"href":"https:\/\/fcliege.be\/fr\/wp-json\/wp\/v2\/media?parent=31242"}],"wp:term":[{"taxonomy":"category","embeddable":true,"href":"https:\/\/fcliege.be\/fr\/wp-json\/wp\/v2\/categories?post=31242"},{"taxonomy":"post_tag","embeddable":true,"href":"https:\/\/fcliege.be\/fr\/wp-json\/wp\/v2\/tags?post=31242"}],"curies":[{"name":"wp","href":"https:\/\/api.w.org\/{rel}","templated":true}]}}