{"id":31271,"date":"2026-01-30T13:19:19","date_gmt":"2026-01-30T11:19:19","guid":{"rendered":"https:\/\/fcliege.be\/fr\/?p=31271"},"modified":"2026-02-02T00:39:44","modified_gmt":"2026-02-01T22:39:44","slug":"la-parole-a-kays-ruiz","status":"publish","type":"post","link":"https:\/\/fcliege.be\/fr\/la-parole-a-kays-ruiz\/","title":{"rendered":"La parole \u00e0&#8230; Kays Ruiz"},"content":{"rendered":"\n<p><\/p>\n\n\n\n<h4 class=\"wp-block-heading\"><strong>L&rsquo;interview de la semaine en compagnie de Kays Ruiz.<\/strong><\/h4>\n\n\n\n<p><strong>Premi\u00e8res minutes et imm\u00e9diatement titulaire : on imagine que tu dois \u00eatre content d\u2019avoir re\u00e7u la confiance du coach ?<\/strong><\/p>\n\n\n\n<p>Bien s\u00fbr, j\u2019en suis tr\u00e8s heureux. Je me sens d\u00e9sormais redevable et je compte bien lui rendre cette confiance. Le fait qu\u2019il m\u2019ait align\u00e9 d\u2019embl\u00e9e me pousse \u00e0 donner le maximum.<\/p>\n\n\n\n<p><strong>Face \u00e0 Lommel, c\u2019\u00e9tait un match tr\u00e8s serr\u00e9. Cette fois, les trois points basculent de notre c\u00f4t\u00e9. Qu\u2019as-tu pens\u00e9 de la rencontre et es-tu satisfait de ta 1\u00e8re exp\u00e9rience \u00e0 Rocourt ?<\/strong><\/p>\n\n\n\n<p>Je pense que c\u2019\u00e9tait un beau match, avec une tr\u00e8s belle \u00e9quipe en face. Nous avons su bien g\u00e9rer la rencontre et, gr\u00e2ce au superbe but de Kylian, nous remportons la victoire. Donc oui, je suis tr\u00e8s content de ma premi\u00e8re \u00e0 la maison.<\/p>\n\n\n\n<p><strong>On a d\u00e9j\u00e0 pu te voir chanter avec le public : on a l\u2019impression que tu es d\u00e9j\u00e0 bien adopt\u00e9 dans l\u2019\u00e9quipe.<\/strong><\/p>\n\n\n\n<p>Oui, ils m\u2019ont rapidement int\u00e9gr\u00e9 et j\u2019en suis tr\u00e8s content. C\u2019est un tr\u00e8s bon groupe, qui vit bien ensemble, avec une bonne ambiance, et des supporters formidables.<\/p>\n","protected":false},"excerpt":{"rendered":"<p>L&rsquo;interview de la semaine en compagnie de Kays Ruiz. Premi\u00e8res minutes et imm\u00e9diatement titulaire : on imagine que tu dois \u00eatre content d\u2019avoir re\u00e7u la confiance du coach ? Bien s\u00fbr, j\u2019en suis tr\u00e8s heureux. Je me sens d\u00e9sormais redevable et je compte bien lui rendre cette confiance. Le fait qu\u2019il m\u2019ait align\u00e9 d\u2019embl\u00e9e me [&hellip;]<\/p>\n","protected":false},"author":12,"featured_media":31272,"comment_status":"closed","ping_status":"closed","sticky":false,"template":"","format":"standard","meta":{"iawp_total_views":197},"categories":[1],"tags":[],"_links":{"self":[{"href":"https:\/\/fcliege.be\/fr\/wp-json\/wp\/v2\/posts\/31271"}],"collection":[{"href":"https:\/\/fcliege.be\/fr\/wp-json\/wp\/v2\/posts"}],"about":[{"href":"https:\/\/fcliege.be\/fr\/wp-json\/wp\/v2\/types\/post"}],"author":[{"embeddable":true,"href":"https:\/\/fcliege.be\/fr\/wp-json\/wp\/v2\/users\/12"}],"replies":[{"embeddable":true,"href":"https:\/\/fcliege.be\/fr\/wp-json\/wp\/v2\/comments?post=31271"}],"version-history":[{"count":2,"href":"https:\/\/fcliege.be\/fr\/wp-json\/wp\/v2\/posts\/31271\/revisions"}],"predecessor-version":[{"id":31274,"href":"https:\/\/fcliege.be\/fr\/wp-json\/wp\/v2\/posts\/31271\/revisions\/31274"}],"wp:featuredmedia":[{"embeddable":true,"href":"https:\/\/fcliege.be\/fr\/wp-json\/wp\/v2\/media\/31272"}],"wp:attachment":[{"href":"https:\/\/fcliege.be\/fr\/wp-json\/wp\/v2\/media?parent=31271"}],"wp:term":[{"taxonomy":"category","embeddable":true,"href":"https:\/\/fcliege.be\/fr\/wp-json\/wp\/v2\/categories?post=31271"},{"taxonomy":"post_tag","embeddable":true,"href":"https:\/\/fcliege.be\/fr\/wp-json\/wp\/v2\/tags?post=31271"}],"curies":[{"name":"wp","href":"https:\/\/api.w.org\/{rel}","templated":true}]}}