{"id":31275,"date":"2026-01-31T21:00:00","date_gmt":"2026-01-31T19:00:00","guid":{"rendered":"https:\/\/fcliege.be\/fr\/?p=31275"},"modified":"2026-01-31T12:37:19","modified_gmt":"2026-01-31T10:37:19","slug":"mercato-da-silva","status":"publish","type":"post","link":"https:\/\/fcliege.be\/fr\/mercato-da-silva\/","title":{"rendered":"Mercato | D\u00e9part de Flavio Da Silva"},"content":{"rendered":"\n<p><\/p>\n\n\n\n<h4 class=\"wp-block-heading\"><strong>Flavio Da Silva quitte le RFC Li\u00e8ge et s\u2019engage avec l\u2019US Concarneau<\/strong>.<\/h4>\n\n\n\n<p>Arriv\u00e9 lors du mercato d\u2019\u00e9t\u00e9 2024\/2025 en provenance des Zebra Elites du Sporting de Charleroi, Flavio s\u2019est vite int\u00e9gr\u00e9 dans le groupe. Il aura port\u00e9 \u00e0 39 reprises les couleurs du club en comp\u00e9tition officielle, avec 8 buts \u00e0 son compteur. Parmi eux, un moment qui restera : ce but du milieu de terrain contre Lommel, qui a largement circul\u00e9 bien au-del\u00e0 de nos fronti\u00e8res.<\/p>\n\n\n\n<p>Le RFC Li\u00e8ge remercie Flavio pour son passage au club, son investissement et ce qu\u2019il a apport\u00e9 au groupe. Le club lui souhaite le meilleur pour la suite de sa carri\u00e8re sous ses nouvelles couleurs.<\/p>\n","protected":false},"excerpt":{"rendered":"<p>Flavio Da Silva quitte le RFC Li\u00e8ge et s\u2019engage avec l\u2019US Concarneau. Arriv\u00e9 lors du mercato d\u2019\u00e9t\u00e9 2024\/2025 en provenance des Zebra Elites du Sporting de Charleroi, Flavio s\u2019est vite int\u00e9gr\u00e9 dans le groupe. Il aura port\u00e9 \u00e0 39 reprises les couleurs du club en comp\u00e9tition officielle, avec 8 buts \u00e0 son compteur. Parmi eux, [&hellip;]<\/p>\n","protected":false},"author":12,"featured_media":31277,"comment_status":"closed","ping_status":"closed","sticky":false,"template":"","format":"standard","meta":{"iawp_total_views":347},"categories":[26],"tags":[],"_links":{"self":[{"href":"https:\/\/fcliege.be\/fr\/wp-json\/wp\/v2\/posts\/31275"}],"collection":[{"href":"https:\/\/fcliege.be\/fr\/wp-json\/wp\/v2\/posts"}],"about":[{"href":"https:\/\/fcliege.be\/fr\/wp-json\/wp\/v2\/types\/post"}],"author":[{"embeddable":true,"href":"https:\/\/fcliege.be\/fr\/wp-json\/wp\/v2\/users\/12"}],"replies":[{"embeddable":true,"href":"https:\/\/fcliege.be\/fr\/wp-json\/wp\/v2\/comments?post=31275"}],"version-history":[{"count":5,"href":"https:\/\/fcliege.be\/fr\/wp-json\/wp\/v2\/posts\/31275\/revisions"}],"predecessor-version":[{"id":31299,"href":"https:\/\/fcliege.be\/fr\/wp-json\/wp\/v2\/posts\/31275\/revisions\/31299"}],"wp:featuredmedia":[{"embeddable":true,"href":"https:\/\/fcliege.be\/fr\/wp-json\/wp\/v2\/media\/31277"}],"wp:attachment":[{"href":"https:\/\/fcliege.be\/fr\/wp-json\/wp\/v2\/media?parent=31275"}],"wp:term":[{"taxonomy":"category","embeddable":true,"href":"https:\/\/fcliege.be\/fr\/wp-json\/wp\/v2\/categories?post=31275"},{"taxonomy":"post_tag","embeddable":true,"href":"https:\/\/fcliege.be\/fr\/wp-json\/wp\/v2\/tags?post=31275"}],"curies":[{"name":"wp","href":"https:\/\/api.w.org\/{rel}","templated":true}]}}