{"id":31431,"date":"2026-02-05T17:09:00","date_gmt":"2026-02-05T15:09:00","guid":{"rendered":"https:\/\/fcliege.be\/fr\/?p=31431"},"modified":"2026-02-05T20:09:53","modified_gmt":"2026-02-05T18:09:53","slug":"la-parole-a-damien-mouchamps","status":"publish","type":"post","link":"https:\/\/fcliege.be\/fr\/la-parole-a-damien-mouchamps\/","title":{"rendered":"La parole \u00e0&#8230; Damien Mouchamps"},"content":{"rendered":"\n<p><\/p>\n\n\n\n<h4 class=\"wp-block-heading\"><strong>L&rsquo;interview de la semaine en compagnie de Damien Mouchamps.<\/strong><\/h4>\n\n\n\n<p><strong>Pour revenir une derni\u00e8re fois sur ce match face \u00e0 Anderlecht : selon toi, qu\u2019a-t-il manqu\u00e9 pour mettre vraiment cette \u00e9quipe en danger ?<\/strong><\/p>\n\n\n\n<p>Je pense que nous avons tout simplement mal jou\u00e9 les coups offensivement. Les passes n\u2019\u00e9taient souvent pas assez pr\u00e9cises, ou c\u2019est parfois le dernier geste qui a manqu\u00e9. M\u00eame si nous n\u2019avons pas eu beaucoup d\u2019occasions, certaines auraient tout de m\u00eame pu finir au fond, il y a peut-\u00eatre eu un manque de concentration sur quelques actions. Il a peut-\u00eatre aussi manqu\u00e9 des courses offensives, ce qui a fait que nous avons eu moins d\u2019opportunit\u00e9s que d\u2019habitude.<\/p>\n\n\n\n<p><strong>Comme le disait parfois Robert Waseige : \u00ab\u00a0Quand on ne sait pas gagner un match, il faut savoir ne pas le perdre\u00a0\u00bb. Est-ce qu\u2019on peut se dire \u00e7a \u00e0 propos du match de samedi dernier, o\u00f9 Li\u00e8ge a malgr\u00e9 tout creus\u00e9 l\u2019\u00e9cart au classement ?<\/strong><\/p>\n\n\n\n<p>Oui, je pense que c\u2019est exact. \u00c7a reste un bon point, m\u00eame s\u2019il y aura toujours des regrets sur certaines phases de jeu. Malgr\u00e9 tout, nous prenons encore une unit\u00e9 sur le septi\u00e8me et, comme tu l\u2019as dit, on creuse encore l\u2019\u00e9cart.<\/p>\n\n\n\n<p><strong>Ce vendredi, Li\u00e8ge re\u00e7oit le Lierse : ce pourrait \u00eatre l\u2019occasion de mettre, peut-\u00eatre d\u00e9finitivement, un concurrent aux play-offs hors course. Qu\u2019en penses-tu ?<\/strong><\/p>\n\n\n\n<p>Comme toujours, ce sera un match comme les autres pour nous. On va essayer de le d\u00e9buter de la meilleure des fa\u00e7ons, comme on se doit de toujours le faire, afin d\u2019aller chercher trois nouveaux points \u00e0 la maison.<\/p>\n\n\n\n<p><strong>Li\u00e8ge va d\u00e9sormais recevoir le Lierse avant de se d\u00e9placer chez les U23 de Genk et de recevoir les jeunes de Bruges. Le moment d\u2019encha\u00eener pour consolider notre top 6 ?<\/strong><\/p>\n\n\n\n<p>Sur le papier, oui, mais chaque match est difficile. On l\u2019a encore vu le week-end dernier : notre championnat est tr\u00e8s serr\u00e9. Les \u00e9quipes de jeunes sont toujours compliqu\u00e9es \u00e0 man\u0153uvrer : elles sont tr\u00e8s rapides et souvent tr\u00e8s techniques. \u00c0 nous d\u2019imposer notre jeu en mettant tous les ingr\u00e9dients pour aller chercher la victoire. Mais d\u2019abord, focus sur le match de demain face au Lierse.<\/p>\n","protected":false},"excerpt":{"rendered":"<p>L&rsquo;interview de la semaine en compagnie de Damien Mouchamps. Pour revenir une derni\u00e8re fois sur ce match face \u00e0 Anderlecht : selon toi, qu\u2019a-t-il manqu\u00e9 pour mettre vraiment cette \u00e9quipe en danger ? Je pense que nous avons tout simplement mal jou\u00e9 les coups offensivement. Les passes n\u2019\u00e9taient souvent pas assez pr\u00e9cises, ou c\u2019est parfois [&hellip;]<\/p>\n","protected":false},"author":12,"featured_media":31432,"comment_status":"closed","ping_status":"closed","sticky":false,"template":"","format":"standard","meta":{"iawp_total_views":185},"categories":[1,24],"tags":[],"_links":{"self":[{"href":"https:\/\/fcliege.be\/fr\/wp-json\/wp\/v2\/posts\/31431"}],"collection":[{"href":"https:\/\/fcliege.be\/fr\/wp-json\/wp\/v2\/posts"}],"about":[{"href":"https:\/\/fcliege.be\/fr\/wp-json\/wp\/v2\/types\/post"}],"author":[{"embeddable":true,"href":"https:\/\/fcliege.be\/fr\/wp-json\/wp\/v2\/users\/12"}],"replies":[{"embeddable":true,"href":"https:\/\/fcliege.be\/fr\/wp-json\/wp\/v2\/comments?post=31431"}],"version-history":[{"count":1,"href":"https:\/\/fcliege.be\/fr\/wp-json\/wp\/v2\/posts\/31431\/revisions"}],"predecessor-version":[{"id":31433,"href":"https:\/\/fcliege.be\/fr\/wp-json\/wp\/v2\/posts\/31431\/revisions\/31433"}],"wp:featuredmedia":[{"embeddable":true,"href":"https:\/\/fcliege.be\/fr\/wp-json\/wp\/v2\/media\/31432"}],"wp:attachment":[{"href":"https:\/\/fcliege.be\/fr\/wp-json\/wp\/v2\/media?parent=31431"}],"wp:term":[{"taxonomy":"category","embeddable":true,"href":"https:\/\/fcliege.be\/fr\/wp-json\/wp\/v2\/categories?post=31431"},{"taxonomy":"post_tag","embeddable":true,"href":"https:\/\/fcliege.be\/fr\/wp-json\/wp\/v2\/tags?post=31431"}],"curies":[{"name":"wp","href":"https:\/\/api.w.org\/{rel}","templated":true}]}}