{"id":31503,"date":"2026-03-13T12:30:52","date_gmt":"2026-03-13T10:30:52","guid":{"rendered":"https:\/\/fcliege.be\/fr\/?p=31503"},"modified":"2026-03-14T22:52:42","modified_gmt":"2026-03-14T20:52:42","slug":"liege-beerschot-durabilite","status":"publish","type":"post","link":"https:\/\/fcliege.be\/fr\/liege-beerschot-durabilite\/","title":{"rendered":"Li\u00e8ge-Beerschot sous le signe de la durabilit\u00e9"},"content":{"rendered":"\n<p><\/p>\n\n\n\n<h4 class=\"wp-block-heading\"><strong>\u00c0 l\u2019occasion du match du 14 mars contre le Beerschot, le th\u00e8me de la durabilit\u00e9 sera mis en avant par le RFC Li\u00e8ge et la Pro League.<\/strong><\/h4>\n\n\n\n<p><a href=\"https:\/\/fcliege.be\/fr\/rfc-liege-x-maison-de-lenvironnement\/\">En plus de son programme \u00ab\u00a0Un match, une action\u00a0\u00bb, consacr\u00e9 \u00e0 la<strong> Maison Li\u00e9geoise de l\u2019Environnement<\/strong><\/a>, le club lance un d\u00e9fi \u00e0 ses supporters : toute personne se rendant au stade \u00e0 v\u00e9lo \u00e0 l\u2019occasion de cette rencontre recevra une gourde aux couleurs du club en r\u00e9compense.<\/p>\n\n\n\n<p>Parall\u00e8lement \u00e0 ces actions organis\u00e9es dans le cadre de cette rencontre, le club a mis en place un <strong>plan d\u2019action ax\u00e9 sur la circularit\u00e9<\/strong>. Ce plan inclut notamment une \u00e9tude de terrain et un bilan carbone, en association avec Bloom Up.<\/p>\n\n\n\n<p>L\u2019ensemble de ces initiatives s\u2019inscrit dans le cadre du programme \u00ab Football Ardent \u00bb, qui donne une structure et une coh\u00e9rence aux actions men\u00e9es par le RFC Li\u00e8ge autour de th\u00e9matiques soci\u00e9tales, dont la durabilit\u00e9.<\/p>\n","protected":false},"excerpt":{"rendered":"<p>\u00c0 l\u2019occasion du match du 14 mars contre le Beerschot, le th\u00e8me de la durabilit\u00e9 sera mis en avant par le RFC Li\u00e8ge et la Pro League. En plus de son programme \u00ab\u00a0Un match, une action\u00a0\u00bb, consacr\u00e9 \u00e0 la Maison Li\u00e9geoise de l\u2019Environnement, le club lance un d\u00e9fi \u00e0 ses supporters : toute personne se [&hellip;]<\/p>\n","protected":false},"author":12,"featured_media":31625,"comment_status":"closed","ping_status":"closed","sticky":false,"template":"","format":"standard","meta":{"iawp_total_views":428},"categories":[25],"tags":[],"_links":{"self":[{"href":"https:\/\/fcliege.be\/fr\/wp-json\/wp\/v2\/posts\/31503"}],"collection":[{"href":"https:\/\/fcliege.be\/fr\/wp-json\/wp\/v2\/posts"}],"about":[{"href":"https:\/\/fcliege.be\/fr\/wp-json\/wp\/v2\/types\/post"}],"author":[{"embeddable":true,"href":"https:\/\/fcliege.be\/fr\/wp-json\/wp\/v2\/users\/12"}],"replies":[{"embeddable":true,"href":"https:\/\/fcliege.be\/fr\/wp-json\/wp\/v2\/comments?post=31503"}],"version-history":[{"count":9,"href":"https:\/\/fcliege.be\/fr\/wp-json\/wp\/v2\/posts\/31503\/revisions"}],"predecessor-version":[{"id":31710,"href":"https:\/\/fcliege.be\/fr\/wp-json\/wp\/v2\/posts\/31503\/revisions\/31710"}],"wp:featuredmedia":[{"embeddable":true,"href":"https:\/\/fcliege.be\/fr\/wp-json\/wp\/v2\/media\/31625"}],"wp:attachment":[{"href":"https:\/\/fcliege.be\/fr\/wp-json\/wp\/v2\/media?parent=31503"}],"wp:term":[{"taxonomy":"category","embeddable":true,"href":"https:\/\/fcliege.be\/fr\/wp-json\/wp\/v2\/categories?post=31503"},{"taxonomy":"post_tag","embeddable":true,"href":"https:\/\/fcliege.be\/fr\/wp-json\/wp\/v2\/tags?post=31503"}],"curies":[{"name":"wp","href":"https:\/\/api.w.org\/{rel}","templated":true}]}}