{"id":31608,"date":"2026-03-10T22:55:09","date_gmt":"2026-03-10T20:55:09","guid":{"rendered":"https:\/\/fcliege.be\/fr\/?p=31608"},"modified":"2026-03-16T14:42:30","modified_gmt":"2026-03-16T12:42:30","slug":"cpl-patro-liege-1-1","status":"publish","type":"post","link":"https:\/\/fcliege.be\/fr\/cpl-patro-liege-1-1\/","title":{"rendered":"CPL | Patro-Li\u00e8ge 1-1 (vid\u00e9o)"},"content":{"rendered":"\n<p><\/p>\n\n\n\n<h4 class=\"wp-block-heading\"><strong>Un match intense et un point d\u00e9croch\u00e9 \u00e0 10 contre 11.<\/strong><\/h4>\n\n\n\n<p>La premi\u00e8re situation dangereuse \u00e9tait \u00e0 l&rsquo;avantage du Patro, apr\u00e8s seulement deux minutes de jeu. <strong>Belin <\/strong>r\u00e9alisait l&rsquo;arr\u00eat qu&rsquo;il fallait face \u00e0 ses anciennes couleurs. Il r\u00e9it\u00e9rait peu avant le quart d&rsquo;heure face \u00e0 un tir de Rousseau avant de&#8230; c\u00e9der sa place \u00e0 <strong>Andr\u00e9 Jr<\/strong> sur blessure (21e).<\/p>\n\n\n\n<p>Li\u00e8ge entrait dans le match et se cr\u00e9ait une premi\u00e8re possibilit\u00e9 sur corner : <strong>Bustin <\/strong>pla\u00e7ait sa t\u00eate au-dessus (36e). <strong>Gedikli <\/strong>se pr\u00e9sentait face au but mais \u00e9tait rattrap\u00e9 et g\u00ean\u00e9 par un d\u00e9fenseur. Il s&rsquo;\u00e9croulait dans la surface sans que l&rsquo;arbitre ne signale de faute (43e).<\/p>\n\n\n\n<p>Le match s&rsquo;animait apr\u00e8s la pause ! Le Patro Eisden ouvrait le score sur corner (Ngawa csc, 48e). Les Limbourgeois h\u00e9ritaient ensuite d&rsquo;un penalty mais Andr\u00e9 Jr l&rsquo;arr\u00eatait en d\u00e9viant le tir de Rousseau sur le poteau (58e). Le RFC Li\u00e8ge \u00e9galisait, \u00e0 son tour sur corner (Renson csc, 63e) et&#8230; perdait son capitaine <strong>D&rsquo;Ostilio<\/strong>, exclu apr\u00e8s un double carton jaune (69e).<\/p>\n\n\n\n<p>Dans un match qui restait intense, Li\u00e8ge passait tr\u00e8s pr\u00e8s d&rsquo;un second but sur un centre de <strong>Bruggeman <\/strong>\u00e0 destination de <strong>Mouchamps<\/strong>, devanc\u00e9 d&rsquo;un rien par le tacle d&rsquo;un d\u00e9fenseur (89e).<\/p>\n\n\n\n<p><\/p>\n\n\n\n<p><strong>RFCL <\/strong>: Belin (21e Andr\u00e9 Jr), Wasinski, Ngawa, Bustin, D&rsquo;Ostilio, Wilmots, de Sart (61e Arslan), Gobitaka (76e Mouchamps), Ruiz (76e Lucker), Bruggeman, Gedikli.<\/p>\n\n\n\n<p><strong>Buts <\/strong>: 48e Ngawa csc (1-0), 63e Renson csc (1-1)<\/p>\n\n\n\n<p><strong>R\u00e9sum\u00e9 DAZN<\/strong><\/p>\n\n\n\n<figure class=\"wp-block-embed is-type-video is-provider-youtube wp-block-embed-youtube wp-embed-aspect-16-9 wp-has-aspect-ratio\"><div class=\"wp-block-embed__wrapper\">\n<iframe loading=\"lazy\" title=\"Patro Eisden-RFC Li\u00e8ge 1-1 (D1B) #challengerproleague #highlights #football\" width=\"960\" height=\"540\" src=\"https:\/\/www.youtube.com\/embed\/gxJNhDxJBjw?feature=oembed\" frameborder=\"0\" allow=\"accelerometer; autoplay; clipboard-write; encrypted-media; gyroscope; picture-in-picture; web-share\" referrerpolicy=\"strict-origin-when-cross-origin\" allowfullscreen><\/iframe>\n<\/div><\/figure>\n","protected":false},"excerpt":{"rendered":"<p>Un match intense et un point d\u00e9croch\u00e9 \u00e0 10 contre 11. La premi\u00e8re situation dangereuse \u00e9tait \u00e0 l&rsquo;avantage du Patro, apr\u00e8s seulement deux minutes de jeu. Belin r\u00e9alisait l&rsquo;arr\u00eat qu&rsquo;il fallait face \u00e0 ses anciennes couleurs. Il r\u00e9it\u00e9rait peu avant le quart d&rsquo;heure face \u00e0 un tir de Rousseau avant de&#8230; c\u00e9der sa place \u00e0 [&hellip;]<\/p>\n","protected":false},"author":12,"featured_media":31736,"comment_status":"closed","ping_status":"closed","sticky":false,"template":"","format":"standard","meta":{"iawp_total_views":1204},"categories":[27,26],"tags":[],"_links":{"self":[{"href":"https:\/\/fcliege.be\/fr\/wp-json\/wp\/v2\/posts\/31608"}],"collection":[{"href":"https:\/\/fcliege.be\/fr\/wp-json\/wp\/v2\/posts"}],"about":[{"href":"https:\/\/fcliege.be\/fr\/wp-json\/wp\/v2\/types\/post"}],"author":[{"embeddable":true,"href":"https:\/\/fcliege.be\/fr\/wp-json\/wp\/v2\/users\/12"}],"replies":[{"embeddable":true,"href":"https:\/\/fcliege.be\/fr\/wp-json\/wp\/v2\/comments?post=31608"}],"version-history":[{"count":28,"href":"https:\/\/fcliege.be\/fr\/wp-json\/wp\/v2\/posts\/31608\/revisions"}],"predecessor-version":[{"id":31740,"href":"https:\/\/fcliege.be\/fr\/wp-json\/wp\/v2\/posts\/31608\/revisions\/31740"}],"wp:featuredmedia":[{"embeddable":true,"href":"https:\/\/fcliege.be\/fr\/wp-json\/wp\/v2\/media\/31736"}],"wp:attachment":[{"href":"https:\/\/fcliege.be\/fr\/wp-json\/wp\/v2\/media?parent=31608"}],"wp:term":[{"taxonomy":"category","embeddable":true,"href":"https:\/\/fcliege.be\/fr\/wp-json\/wp\/v2\/categories?post=31608"},{"taxonomy":"post_tag","embeddable":true,"href":"https:\/\/fcliege.be\/fr\/wp-json\/wp\/v2\/tags?post=31608"}],"curies":[{"name":"wp","href":"https:\/\/api.w.org\/{rel}","templated":true}]}}