{"id":31663,"date":"2026-03-06T16:15:15","date_gmt":"2026-03-06T14:15:15","guid":{"rendered":"https:\/\/fcliege.be\/fr\/?p=31663"},"modified":"2026-03-09T18:57:24","modified_gmt":"2026-03-09T16:57:24","slug":"non-a-la-violence","status":"publish","type":"post","link":"https:\/\/fcliege.be\/fr\/non-a-la-violence\/","title":{"rendered":"Safe Together | NON \u00e0 la violence !"},"content":{"rendered":"\n<p><\/p>\n\n\n\n<h4 class=\"wp-block-heading\"><strong>Les 7 et 8 mars, le RFC Li\u00e8ge et l\u2019ensemble de la communaut\u00e9 du football belge se mobilisent pour dire NON \u00e0 la violence sur et autour des terrains.<\/strong><\/h4>\n\n\n\n<p>Initi\u00e9e par l\u2019ACFF et Voetbal Vlaanderen, l\u2019action est d\u00e9sormais d\u00e9ploy\u00e9e \u00e0 l\u2019\u00e9chelle nationale, avec le soutien de la Pro League, des Diables Rouges, des Red Flames et de tous les clubs professionnels. L\u2019objectif reste clair : garantir un environnement de football plus s\u00fbr pour tout le monde, des plus jeunes aux seniors.<\/p>\n\n\n\n<p>Le RFC Li\u00e8ge s\u2019associe \u00e0 cette action dans le cadre du programme<strong> Safer Together<\/strong>. Sur et en dehors du terrain, le message est simple : il n\u2019y a pas de place pour la violence dans notre sport, ni dans notre soci\u00e9t\u00e9.<\/p>\n\n\n\n<p>Au sein du club, un <a href=\"https:\/\/fcliege.be\/fr\/comite-de-vigilance\/\">Comit\u00e9 de vigilance<\/a> est d\u00e9j\u00e0 en place afin de pr\u00e9venir et traiter les comportements transgressifs ou ind\u00e9sirables qui n\u2019ont pas leur place sur et autour des terrains de football. Depuis cette saison, le RFC Li\u00e8ge a \u00e9galement lanc\u00e9 un programme de safeguarding, visant \u00e0 renforcer la pr\u00e9vention et l\u2019accompagnement afin de garantir un environnement s\u00fbr et respectueux pour l\u2019ensemble des joueurs, membres du staff et b\u00e9n\u00e9voles du club.<\/p>\n","protected":false},"excerpt":{"rendered":"<p>Les 7 et 8 mars, le RFC Li\u00e8ge et l\u2019ensemble de la communaut\u00e9 du football belge se mobilisent pour dire NON \u00e0 la violence sur et autour des terrains. Initi\u00e9e par l\u2019ACFF et Voetbal Vlaanderen, l\u2019action est d\u00e9sormais d\u00e9ploy\u00e9e \u00e0 l\u2019\u00e9chelle nationale, avec le soutien de la Pro League, des Diables Rouges, des Red Flames [&hellip;]<\/p>\n","protected":false},"author":12,"featured_media":31677,"comment_status":"closed","ping_status":"closed","sticky":false,"template":"","format":"standard","meta":{"iawp_total_views":44},"categories":[1],"tags":[],"_links":{"self":[{"href":"https:\/\/fcliege.be\/fr\/wp-json\/wp\/v2\/posts\/31663"}],"collection":[{"href":"https:\/\/fcliege.be\/fr\/wp-json\/wp\/v2\/posts"}],"about":[{"href":"https:\/\/fcliege.be\/fr\/wp-json\/wp\/v2\/types\/post"}],"author":[{"embeddable":true,"href":"https:\/\/fcliege.be\/fr\/wp-json\/wp\/v2\/users\/12"}],"replies":[{"embeddable":true,"href":"https:\/\/fcliege.be\/fr\/wp-json\/wp\/v2\/comments?post=31663"}],"version-history":[{"count":3,"href":"https:\/\/fcliege.be\/fr\/wp-json\/wp\/v2\/posts\/31663\/revisions"}],"predecessor-version":[{"id":31682,"href":"https:\/\/fcliege.be\/fr\/wp-json\/wp\/v2\/posts\/31663\/revisions\/31682"}],"wp:featuredmedia":[{"embeddable":true,"href":"https:\/\/fcliege.be\/fr\/wp-json\/wp\/v2\/media\/31677"}],"wp:attachment":[{"href":"https:\/\/fcliege.be\/fr\/wp-json\/wp\/v2\/media?parent=31663"}],"wp:term":[{"taxonomy":"category","embeddable":true,"href":"https:\/\/fcliege.be\/fr\/wp-json\/wp\/v2\/categories?post=31663"},{"taxonomy":"post_tag","embeddable":true,"href":"https:\/\/fcliege.be\/fr\/wp-json\/wp\/v2\/tags?post=31663"}],"curies":[{"name":"wp","href":"https:\/\/api.w.org\/{rel}","templated":true}]}}