{"id":31665,"date":"2026-03-06T09:00:00","date_gmt":"2026-03-06T07:00:00","guid":{"rendered":"https:\/\/fcliege.be\/fr\/?p=31665"},"modified":"2026-03-06T00:33:07","modified_gmt":"2026-03-05T22:33:07","slug":"rfcl-belvue","status":"publish","type":"post","link":"https:\/\/fcliege.be\/fr\/rfcl-belvue\/","title":{"rendered":"RFC Li\u00e8ge x mus\u00e9e BELvue"},"content":{"rendered":"\n<p><\/p>\n\n\n\n<h4 class=\"wp-block-heading\"><strong>Respect et inclusion : le terrain comme \u00e9cole de citoyennet\u00e9<\/strong><\/h4>\n\n\n\n<p>Le RFC Li\u00e8ge poursuit et renforce son engagement citoyen aux c\u00f4t\u00e9s du <strong>mus\u00e9e BELvue<\/strong>, r\u00e9f\u00e9rence en \u00e9ducation \u00e0 la d\u00e9mocratie. Dans ce cadre, une nouvelle action a \u00e9t\u00e9 men\u00e9e avec nos U16B et U13B, via un workshop <strong>Team4Democracy <\/strong>centr\u00e9 sur la lutte contre le racisme, l\u2019homophobie, les discriminations et la promotion de l\u2019\u00e9galit\u00e9.<\/p>\n\n\n\n<p>Pendant la s\u00e9ance, les joueurs ont \u00e9t\u00e9 confront\u00e9s \u00e0 des situations concr\u00e8tes, ont mis des mots sur ce qu\u2019ils ressentent face \u00e0 l\u2019exclusion, et ont surtout identifi\u00e9 des r\u00e9actions simples et utiles : ne pas laisser passer, soutenir un co\u00e9quipier vis\u00e9, et adopter les bons r\u00e9flexes lorsqu\u2019un comportement ou un propos d\u00e9passe les limites. Cette \u00e9tape s\u2019inscrit pleinement dans le programme Football Ardent et dans la politique de Safeguarding d\u00e9velopp\u00e9e au sein de l\u2019EDJ.<\/p>\n\n\n\n<p>Le partenariat s\u2019inscrit dans la continuit\u00e9 : des ateliers de sensibilisation ont d\u00e9j\u00e0 \u00e9t\u00e9 d\u00e9ploy\u00e9s au RFC Li\u00e8ge, en lien avec les \u00e9coles des environs, pour ouvrir le stade \u00e0 des th\u00e9matiques de citoyennet\u00e9, de respect et d\u2019inclusion. L\u2019objectif reste clair : proposer des formats concrets, anim\u00e9s par des m\u00e9diateurs sp\u00e9cialis\u00e9s, qui renforcent les bons r\u00e9flexes dans la vie de groupe.<\/p>\n\n\n\n<p>Avec ce partenariat, le Club s\u2019appuie sur un contenu p\u00e9dagogique solide : un cadre commun, des outils clairs et des rep\u00e8res applicables au vestiaire, sur le terrain et dans la vie de groupe. Une mani\u00e8re coh\u00e9rente de continuer \u00e0 faire vivre, \u00e0 Li\u00e8ge, un axe fort : Anti-racisme, Anti-homophobie, Anti-discrimination, \u00c9galit\u00e9.<\/p>\n\n\n\n<figure class=\"wp-block-gallery has-nested-images columns-default is-cropped wp-block-gallery-1 is-layout-flex\">\n<figure class=\"wp-block-image size-large\"><img decoding=\"async\" loading=\"lazy\" width=\"768\" height=\"1024\" data-id=\"31672\"  src=\"https:\/\/fcliege.be\/fr\/wp-content\/uploads\/2026\/03\/belvue-6-768x1024.jpeg\" alt=\"\" class=\"wp-image-31672\" srcset=\"https:\/\/fcliege.be\/fr\/wp-content\/uploads\/2026\/03\/belvue-6-768x1024.jpeg 768w, https:\/\/fcliege.be\/fr\/wp-content\/uploads\/2026\/03\/belvue-6-225x300.jpeg 225w, https:\/\/fcliege.be\/fr\/wp-content\/uploads\/2026\/03\/belvue-6.jpeg 1530w\" sizes=\"(max-width: 768px) 100vw, 768px\" \/><\/figure>\n\n\n\n<figure class=\"wp-block-image size-large\"><img decoding=\"async\" loading=\"lazy\" width=\"768\" height=\"1024\" data-id=\"31673\"  src=\"https:\/\/fcliege.be\/fr\/wp-content\/uploads\/2026\/03\/belvue-10-768x1024.jpeg\" alt=\"\" class=\"wp-image-31673\" srcset=\"https:\/\/fcliege.be\/fr\/wp-content\/uploads\/2026\/03\/belvue-10-768x1024.jpeg 768w, https:\/\/fcliege.be\/fr\/wp-content\/uploads\/2026\/03\/belvue-10-225x300.jpeg 225w, https:\/\/fcliege.be\/fr\/wp-content\/uploads\/2026\/03\/belvue-10.jpeg 1530w\" sizes=\"(max-width: 768px) 100vw, 768px\" \/><\/figure>\n\n\n\n<figure class=\"wp-block-image size-large\"><img decoding=\"async\" loading=\"lazy\" width=\"768\" height=\"1024\" data-id=\"31671\"  src=\"https:\/\/fcliege.be\/fr\/wp-content\/uploads\/2026\/03\/belvue-12-768x1024.jpeg\" alt=\"\" class=\"wp-image-31671\" srcset=\"https:\/\/fcliege.be\/fr\/wp-content\/uploads\/2026\/03\/belvue-12-768x1024.jpeg 768w, https:\/\/fcliege.be\/fr\/wp-content\/uploads\/2026\/03\/belvue-12-225x300.jpeg 225w, https:\/\/fcliege.be\/fr\/wp-content\/uploads\/2026\/03\/belvue-12.jpeg 1530w\" sizes=\"(max-width: 768px) 100vw, 768px\" \/><\/figure>\n<\/figure>\n","protected":false},"excerpt":{"rendered":"<p>Respect et inclusion : le terrain comme \u00e9cole de citoyennet\u00e9 Le RFC Li\u00e8ge poursuit et renforce son engagement citoyen aux c\u00f4t\u00e9s du mus\u00e9e BELvue, r\u00e9f\u00e9rence en \u00e9ducation \u00e0 la d\u00e9mocratie. Dans ce cadre, une nouvelle action a \u00e9t\u00e9 men\u00e9e avec nos U16B et U13B, via un workshop Team4Democracy centr\u00e9 sur la lutte contre le racisme, [&hellip;]<\/p>\n","protected":false},"author":12,"featured_media":31667,"comment_status":"closed","ping_status":"closed","sticky":false,"template":"","format":"standard","meta":{"iawp_total_views":98},"categories":[24,23],"tags":[],"_links":{"self":[{"href":"https:\/\/fcliege.be\/fr\/wp-json\/wp\/v2\/posts\/31665"}],"collection":[{"href":"https:\/\/fcliege.be\/fr\/wp-json\/wp\/v2\/posts"}],"about":[{"href":"https:\/\/fcliege.be\/fr\/wp-json\/wp\/v2\/types\/post"}],"author":[{"embeddable":true,"href":"https:\/\/fcliege.be\/fr\/wp-json\/wp\/v2\/users\/12"}],"replies":[{"embeddable":true,"href":"https:\/\/fcliege.be\/fr\/wp-json\/wp\/v2\/comments?post=31665"}],"version-history":[{"count":3,"href":"https:\/\/fcliege.be\/fr\/wp-json\/wp\/v2\/posts\/31665\/revisions"}],"predecessor-version":[{"id":31676,"href":"https:\/\/fcliege.be\/fr\/wp-json\/wp\/v2\/posts\/31665\/revisions\/31676"}],"wp:featuredmedia":[{"embeddable":true,"href":"https:\/\/fcliege.be\/fr\/wp-json\/wp\/v2\/media\/31667"}],"wp:attachment":[{"href":"https:\/\/fcliege.be\/fr\/wp-json\/wp\/v2\/media?parent=31665"}],"wp:term":[{"taxonomy":"category","embeddable":true,"href":"https:\/\/fcliege.be\/fr\/wp-json\/wp\/v2\/categories?post=31665"},{"taxonomy":"post_tag","embeddable":true,"href":"https:\/\/fcliege.be\/fr\/wp-json\/wp\/v2\/tags?post=31665"}],"curies":[{"name":"wp","href":"https:\/\/api.w.org\/{rel}","templated":true}]}}