{"id":31678,"date":"2026-03-06T20:00:00","date_gmt":"2026-03-06T18:00:00","guid":{"rendered":"https:\/\/fcliege.be\/fr\/?p=31678"},"modified":"2026-03-06T16:26:45","modified_gmt":"2026-03-06T14:26:45","slug":"eric-njo-prolonge","status":"publish","type":"post","link":"https:\/\/fcliege.be\/fr\/eric-njo-prolonge\/","title":{"rendered":"Eric N&rsquo;Jo prolonge au RFC Li\u00e8ge"},"content":{"rendered":"\n<p><\/p>\n\n\n\n<h4 class=\"wp-block-heading\"><strong>Eric N\u2019Jo a sign\u00e9 ce vendredi une prolongation de deux saisons. Le d\u00e9fenseur central fran\u00e7ais de 21 ans est d\u00e9sormais li\u00e9 au RFC Li\u00e8ge jusqu\u2019en juin 2028.<\/strong><\/h4>\n\n\n\n<p>Arriv\u00e9 \u00e0 Rocourt lors de la saison 2025\/2026, il s\u2019est rapidement impos\u00e9 dans l\u2019axe de la d\u00e9fense en encha\u00eenant les titularisations lors des 11 premiers matchs, avant d\u2019\u00eatre frein\u00e9 par une blessure.<\/p>\n\n\n\n<p><strong>Eric N\u2019Jo<\/strong> : <em>\u00ab\u00a0Je suis tr\u00e8s heureux de prolonger mon aventure avec le RFC Li\u00e8ge, qui m\u2019accorde sa confiance. J\u2019ai h\u00e2te de rejouer avec l\u2019\u00e9quipe, continuer \u00e0 progresser et aider le club \u00e0 franchir de nouveaux paliers.\u00a0\u00bb<\/em><\/p>\n\n\n\n<p><strong>Ga\u00ebtan Englebert <\/strong>: <em>\u00ab\u00a0Cette prolongation est une belle preuve de confiance du club envers Eric. On compte sur lui pour l\u2019avenir, car ce qu\u2019il a montr\u00e9 avant son arr\u00eat laisse entrevoir une grosse marge de progression. C\u2019est un joueur qui poss\u00e8de de vraies qualit\u00e9s physiques et tactiques, avec le profil pour devenir un tr\u00e8s bon d\u00e9fenseur central. Il s\u2019est \u00e9galement tr\u00e8s bien int\u00e9gr\u00e9 au groupe et affiche une tr\u00e8s bonne mentalit\u00e9.\u00a0\u00bb<\/em><\/p>\n\n\n\n<figure class=\"wp-block-gallery has-nested-images columns-default is-cropped wp-block-gallery-1 is-layout-flex\">\n<figure class=\"wp-block-image size-large\"><img decoding=\"async\" loading=\"lazy\" width=\"683\" height=\"1024\" data-id=\"31685\"  src=\"https:\/\/fcliege.be\/fr\/wp-content\/uploads\/2026\/03\/20260306_RFC-LIEGE_Eric-NJo-4902-683x1024.jpg\" alt=\"\" class=\"wp-image-31685\" srcset=\"https:\/\/fcliege.be\/fr\/wp-content\/uploads\/2026\/03\/20260306_RFC-LIEGE_Eric-NJo-4902-683x1024.jpg 683w, https:\/\/fcliege.be\/fr\/wp-content\/uploads\/2026\/03\/20260306_RFC-LIEGE_Eric-NJo-4902-200x300.jpg 200w, https:\/\/fcliege.be\/fr\/wp-content\/uploads\/2026\/03\/20260306_RFC-LIEGE_Eric-NJo-4902-768x1152.jpg 768w, https:\/\/fcliege.be\/fr\/wp-content\/uploads\/2026\/03\/20260306_RFC-LIEGE_Eric-NJo-4902-scaled.jpg 1707w\" sizes=\"(max-width: 683px) 100vw, 683px\" \/><\/figure>\n\n\n\n<figure class=\"wp-block-image size-large\"><img decoding=\"async\" loading=\"lazy\" width=\"683\" height=\"1024\" data-id=\"31686\"  src=\"https:\/\/fcliege.be\/fr\/wp-content\/uploads\/2026\/03\/20260306_RFC-LIEGE_Eric-NJo-4907-683x1024.jpg\" alt=\"\" class=\"wp-image-31686\" srcset=\"https:\/\/fcliege.be\/fr\/wp-content\/uploads\/2026\/03\/20260306_RFC-LIEGE_Eric-NJo-4907-683x1024.jpg 683w, https:\/\/fcliege.be\/fr\/wp-content\/uploads\/2026\/03\/20260306_RFC-LIEGE_Eric-NJo-4907-200x300.jpg 200w, https:\/\/fcliege.be\/fr\/wp-content\/uploads\/2026\/03\/20260306_RFC-LIEGE_Eric-NJo-4907-768x1152.jpg 768w, https:\/\/fcliege.be\/fr\/wp-content\/uploads\/2026\/03\/20260306_RFC-LIEGE_Eric-NJo-4907-scaled.jpg 1707w\" sizes=\"(max-width: 683px) 100vw, 683px\" \/><\/figure>\n\n\n\n<figure class=\"wp-block-image size-large\"><img decoding=\"async\" loading=\"lazy\" width=\"683\" height=\"1024\" data-id=\"31684\"  src=\"https:\/\/fcliege.be\/fr\/wp-content\/uploads\/2026\/03\/20260306_RFC-LIEGE_Eric-NJo-4899-683x1024.jpg\" alt=\"\" class=\"wp-image-31684\" srcset=\"https:\/\/fcliege.be\/fr\/wp-content\/uploads\/2026\/03\/20260306_RFC-LIEGE_Eric-NJo-4899-683x1024.jpg 683w, https:\/\/fcliege.be\/fr\/wp-content\/uploads\/2026\/03\/20260306_RFC-LIEGE_Eric-NJo-4899-200x300.jpg 200w, https:\/\/fcliege.be\/fr\/wp-content\/uploads\/2026\/03\/20260306_RFC-LIEGE_Eric-NJo-4899-768x1152.jpg 768w, https:\/\/fcliege.be\/fr\/wp-content\/uploads\/2026\/03\/20260306_RFC-LIEGE_Eric-NJo-4899-scaled.jpg 1707w\" sizes=\"(max-width: 683px) 100vw, 683px\" \/><\/figure>\n<\/figure>\n","protected":false},"excerpt":{"rendered":"<p>Eric N\u2019Jo a sign\u00e9 ce vendredi une prolongation de deux saisons. Le d\u00e9fenseur central fran\u00e7ais de 21 ans est d\u00e9sormais li\u00e9 au RFC Li\u00e8ge jusqu\u2019en juin 2028. Arriv\u00e9 \u00e0 Rocourt lors de la saison 2025\/2026, il s\u2019est rapidement impos\u00e9 dans l\u2019axe de la d\u00e9fense en encha\u00eenant les titularisations lors des 11 premiers matchs, avant d\u2019\u00eatre [&hellip;]<\/p>\n","protected":false},"author":12,"featured_media":31683,"comment_status":"closed","ping_status":"closed","sticky":false,"template":"","format":"standard","meta":{"iawp_total_views":196},"categories":[24,26],"tags":[],"_links":{"self":[{"href":"https:\/\/fcliege.be\/fr\/wp-json\/wp\/v2\/posts\/31678"}],"collection":[{"href":"https:\/\/fcliege.be\/fr\/wp-json\/wp\/v2\/posts"}],"about":[{"href":"https:\/\/fcliege.be\/fr\/wp-json\/wp\/v2\/types\/post"}],"author":[{"embeddable":true,"href":"https:\/\/fcliege.be\/fr\/wp-json\/wp\/v2\/users\/12"}],"replies":[{"embeddable":true,"href":"https:\/\/fcliege.be\/fr\/wp-json\/wp\/v2\/comments?post=31678"}],"version-history":[{"count":4,"href":"https:\/\/fcliege.be\/fr\/wp-json\/wp\/v2\/posts\/31678\/revisions"}],"predecessor-version":[{"id":31688,"href":"https:\/\/fcliege.be\/fr\/wp-json\/wp\/v2\/posts\/31678\/revisions\/31688"}],"wp:featuredmedia":[{"embeddable":true,"href":"https:\/\/fcliege.be\/fr\/wp-json\/wp\/v2\/media\/31683"}],"wp:attachment":[{"href":"https:\/\/fcliege.be\/fr\/wp-json\/wp\/v2\/media?parent=31678"}],"wp:term":[{"taxonomy":"category","embeddable":true,"href":"https:\/\/fcliege.be\/fr\/wp-json\/wp\/v2\/categories?post=31678"},{"taxonomy":"post_tag","embeddable":true,"href":"https:\/\/fcliege.be\/fr\/wp-json\/wp\/v2\/tags?post=31678"}],"curies":[{"name":"wp","href":"https:\/\/api.w.org\/{rel}","templated":true}]}}