{"id":31689,"date":"2026-03-09T17:00:00","date_gmt":"2026-03-09T15:00:00","guid":{"rendered":"https:\/\/fcliege.be\/fr\/?p=31689"},"modified":"2026-03-09T00:59:26","modified_gmt":"2026-03-08T22:59:26","slug":"jeunes-detection-u6-a-u9","status":"publish","type":"post","link":"https:\/\/fcliege.be\/fr\/jeunes-detection-u6-a-u9\/","title":{"rendered":"Jeunes | D\u00e9tection U6 \u00e0 U9"},"content":{"rendered":"\n<p><\/p>\n\n\n\n<h4 class=\"wp-block-heading\"><strong>Le RFCL organise une matin\u00e9e de d\u00e9tection le 22\/03 pour les joueurs souhaitant rejoindre l\u2019\u00c9cole des Jeunes. Cette s\u00e9ance s\u2019adresse aux cat\u00e9gories U6, U7, U8 et U9, soit les enfants n\u00e9s en 2020, 2019, 2018 et 2017.<\/strong><\/h4>\n\n\n\n<p>L\u2019objectif est de permettre aux jeunes passionn\u00e9s de football de venir montrer leurs qualit\u00e9s dans un cadre structur\u00e9 et encadr\u00e9 par les formateurs de notre \u00c9cole des Jeunes.<\/p>\n\n\n\n<p><strong>Cat\u00e9gories concern\u00e9es<br><\/strong>U6 \u2013 U7 : joueurs n\u00e9s en 2020 et 2019<br>U8 \u2013 U9 : joueurs n\u00e9s en 2018 et 2017<\/p>\n\n\n\n<p><strong>Horaire des s\u00e9ances le 22\/03<br><\/strong>U8 \u2013 U9 : 9h30 \u2013 10h45 (RDV 9h00 pour la v\u00e9rification de la liste des inscriptions.)<br>U6 \u2013 U7 : 11h15 \u2013 12h30 (RDV 10h45 pour la v\u00e9rification de la liste des inscriptions.)<\/p>\n\n\n\n<p><strong>S\u00e9lection<\/strong><br>\u00c0 l\u2019issue de la d\u00e9tection, les joueurs qui auront \u00e9t\u00e9 rep\u00e9r\u00e9s seront contact\u00e9s par t\u00e9l\u00e9phone et invit\u00e9s \u00e0 rejoindre les effectifs du RFC Li\u00e8ge. Les joueurs non retenus recevront un mail dans les jours qui suivent.<\/p>\n\n\n\n<p><strong>Inscription<br><\/strong>La participation est obligatoire via le <strong><a href=\"https:\/\/forms.gle\/AHL6vtWQy9ZEAyz18\" target=\"_blank\" rel=\"noreferrer noopener\">formulaire d\u2019inscription<\/a><\/strong>.<br>Les inscriptions sont ouvertes jusqu\u2019au vendredi 20 mars.<\/p>\n\n\n\n<p>Pour toute question, vous pouvez contacter l\u2019\u00c9cole des Jeunes : <strong><a href=\"mailto:edj@fcliege.be\">edj@fcliege.be<\/a><\/strong><\/p>\n","protected":false},"excerpt":{"rendered":"<p>Le RFCL organise une matin\u00e9e de d\u00e9tection le 22\/03 pour les joueurs souhaitant rejoindre l\u2019\u00c9cole des Jeunes. Cette s\u00e9ance s\u2019adresse aux cat\u00e9gories U6, U7, U8 et U9, soit les enfants n\u00e9s en 2020, 2019, 2018 et 2017. L\u2019objectif est de permettre aux jeunes passionn\u00e9s de football de venir montrer leurs qualit\u00e9s dans un cadre structur\u00e9 [&hellip;]<\/p>\n","protected":false},"author":12,"featured_media":31691,"comment_status":"closed","ping_status":"closed","sticky":false,"template":"","format":"standard","meta":{"iawp_total_views":542},"categories":[24,23],"tags":[],"_links":{"self":[{"href":"https:\/\/fcliege.be\/fr\/wp-json\/wp\/v2\/posts\/31689"}],"collection":[{"href":"https:\/\/fcliege.be\/fr\/wp-json\/wp\/v2\/posts"}],"about":[{"href":"https:\/\/fcliege.be\/fr\/wp-json\/wp\/v2\/types\/post"}],"author":[{"embeddable":true,"href":"https:\/\/fcliege.be\/fr\/wp-json\/wp\/v2\/users\/12"}],"replies":[{"embeddable":true,"href":"https:\/\/fcliege.be\/fr\/wp-json\/wp\/v2\/comments?post=31689"}],"version-history":[{"count":6,"href":"https:\/\/fcliege.be\/fr\/wp-json\/wp\/v2\/posts\/31689\/revisions"}],"predecessor-version":[{"id":31696,"href":"https:\/\/fcliege.be\/fr\/wp-json\/wp\/v2\/posts\/31689\/revisions\/31696"}],"wp:featuredmedia":[{"embeddable":true,"href":"https:\/\/fcliege.be\/fr\/wp-json\/wp\/v2\/media\/31691"}],"wp:attachment":[{"href":"https:\/\/fcliege.be\/fr\/wp-json\/wp\/v2\/media?parent=31689"}],"wp:term":[{"taxonomy":"category","embeddable":true,"href":"https:\/\/fcliege.be\/fr\/wp-json\/wp\/v2\/categories?post=31689"},{"taxonomy":"post_tag","embeddable":true,"href":"https:\/\/fcliege.be\/fr\/wp-json\/wp\/v2\/tags?post=31689"}],"curies":[{"name":"wp","href":"https:\/\/api.w.org\/{rel}","templated":true}]}}