{"id":31701,"date":"2026-03-09T18:57:51","date_gmt":"2026-03-09T16:57:51","guid":{"rendered":"https:\/\/fcliege.be\/fr\/?p=31701"},"modified":"2026-03-10T22:56:09","modified_gmt":"2026-03-10T20:56:09","slug":"la-parole-a-victor-corneillie","status":"publish","type":"post","link":"https:\/\/fcliege.be\/fr\/la-parole-a-victor-corneillie\/","title":{"rendered":"La parole \u00e0&#8230; Victor Corneillie"},"content":{"rendered":"\n<p><\/p>\n\n\n\n<h4 class=\"wp-block-heading\"><strong>L&rsquo;interview de la semaine en compagnie de Victor Corneillie.<\/strong><\/h4>\n\n\n\n<p><strong>Comment s\u2019est d\u00e9roul\u00e9e cette semaine sans match ? L\u2019\u00e9quipe est-elle pr\u00eate \u00e0 encha\u00eener dix jours de haute intensit\u00e9 avec les affrontements contre le Patro, le Beerschot et Beveren ?<\/strong><\/p>\n\n\n\n<p>Nous avons pu nous pr\u00e9parer au maximum. Comme nous ne jouions pas ce week-end, nous avons beaucoup travaill\u00e9 afin d\u2019\u00eatre pr\u00eats pour ces trois rencontres, surtout sur le plan physique, afin de r\u00e9pondre aux combats qui nous attendent face \u00e0 ces \u00e9quipes. Cela commence d\u00e8s ce mardi et, comme \u00e0 chaque match, nous viserons les trois points.<\/p>\n\n\n\n<p><strong>\u00c0 Courtrai, tu as pu f\u00eater ta 1\u00e8re titularisation. Que retiens-tu de de cette exp\u00e9rience ?<\/strong><\/p>\n\n\n\n<p>Cela fait beaucoup de bien de retrouver une place dans le onze de base apr\u00e8s plusieurs mois d\u2019absence. Cela m\u2019a fait tr\u00e8s plaisir, m\u00eame si j\u2019aurais pr\u00e9f\u00e9r\u00e9 f\u00eater cette premi\u00e8re titularisation par une victoire. Malheureusement, c\u2019\u00e9tait un match compliqu\u00e9. Nous allons donc essayer de retenir les erreurs que nous avons commises l\u00e0-bas afin de ne plus les reproduire dans les prochaines semaines.<\/p>\n\n\n\n<p><strong>Mardi, ce sera ton 1er duel face au Patro pour ce match d\u00e9sormais baptis\u00e9 \u00ab\u00a0le derby de la Meuse\u00a0\u00bb. Es-tu impatient de d\u00e9couvrir cela ?<\/strong><\/p>\n\n\n\n<p>En effet, je suis tr\u00e8s impatient. J\u2019ai d\u00e9j\u00e0 suivi quelques affrontements entre ces deux \u00e9quipes. Ce sont des matchs o\u00f9 il y a souvent \u00e9norm\u00e9ment de duels. Nous devrons donc \u00eatre pr\u00eats \u00e0 y r\u00e9pondre. Nous avons travaill\u00e9 pour cela et il faudra le d\u00e9montrer mardi.<\/p>\n\n\n\n<p><strong>Maintenant que le RFC Li\u00e8ge a \u00e9t\u00e9 bye et avec les trois gros matchs qui vous attendent, combien de points faut-il ambitionner pour \u00eatre en bonne position en vue des playoffs ?<\/strong><\/p>\n\n\n\n<p>Pour l\u2019instant, je n\u2019ai pas envie de me projeter sur les autres rencontres. Nous prenons les matchs un par un. Nous devons d\u2019abord nous concentrer sur la rencontre de ce mardi. Ensuite, nous y verrons plus clair. Il reste encore pas mal de points \u00e0 prendre.<\/p>\n","protected":false},"excerpt":{"rendered":"<p>L&rsquo;interview de la semaine en compagnie de Victor Corneillie. Comment s\u2019est d\u00e9roul\u00e9e cette semaine sans match ? L\u2019\u00e9quipe est-elle pr\u00eate \u00e0 encha\u00eener dix jours de haute intensit\u00e9 avec les affrontements contre le Patro, le Beerschot et Beveren ? Nous avons pu nous pr\u00e9parer au maximum. Comme nous ne jouions pas ce week-end, nous avons beaucoup [&hellip;]<\/p>\n","protected":false},"author":12,"featured_media":31703,"comment_status":"closed","ping_status":"closed","sticky":false,"template":"","format":"standard","meta":{"iawp_total_views":204},"categories":[1],"tags":[],"_links":{"self":[{"href":"https:\/\/fcliege.be\/fr\/wp-json\/wp\/v2\/posts\/31701"}],"collection":[{"href":"https:\/\/fcliege.be\/fr\/wp-json\/wp\/v2\/posts"}],"about":[{"href":"https:\/\/fcliege.be\/fr\/wp-json\/wp\/v2\/types\/post"}],"author":[{"embeddable":true,"href":"https:\/\/fcliege.be\/fr\/wp-json\/wp\/v2\/users\/12"}],"replies":[{"embeddable":true,"href":"https:\/\/fcliege.be\/fr\/wp-json\/wp\/v2\/comments?post=31701"}],"version-history":[{"count":5,"href":"https:\/\/fcliege.be\/fr\/wp-json\/wp\/v2\/posts\/31701\/revisions"}],"predecessor-version":[{"id":31709,"href":"https:\/\/fcliege.be\/fr\/wp-json\/wp\/v2\/posts\/31701\/revisions\/31709"}],"wp:featuredmedia":[{"embeddable":true,"href":"https:\/\/fcliege.be\/fr\/wp-json\/wp\/v2\/media\/31703"}],"wp:attachment":[{"href":"https:\/\/fcliege.be\/fr\/wp-json\/wp\/v2\/media?parent=31701"}],"wp:term":[{"taxonomy":"category","embeddable":true,"href":"https:\/\/fcliege.be\/fr\/wp-json\/wp\/v2\/categories?post=31701"},{"taxonomy":"post_tag","embeddable":true,"href":"https:\/\/fcliege.be\/fr\/wp-json\/wp\/v2\/tags?post=31701"}],"curies":[{"name":"wp","href":"https:\/\/api.w.org\/{rel}","templated":true}]}}