{"id":31705,"date":"2026-03-13T12:44:13","date_gmt":"2026-03-13T10:44:13","guid":{"rendered":"https:\/\/fcliege.be\/fr\/?p=31705"},"modified":"2026-03-17T14:19:11","modified_gmt":"2026-03-17T12:19:11","slug":"la-parole-a-fadel-gobitaka","status":"publish","type":"post","link":"https:\/\/fcliege.be\/fr\/la-parole-a-fadel-gobitaka\/","title":{"rendered":"La parole \u00e0&#8230; Fadel Gobitaka"},"content":{"rendered":"\n<p><\/p>\n\n\n\n<h4 class=\"wp-block-heading\"><strong>L&rsquo;interview de la semaine en compagnie de Fadel Gobitaka.<\/strong><\/h4>\n\n\n\n<p><strong>Face au Patro, tu as connu ta 2\u00e8me titularisation de la saison. Comment analyses-tu ta rencontre ?<\/strong><\/p>\n\n\n\n<p>Je pense avoir bien aid\u00e9 l\u2019\u00e9quipe par mon travail. On savait que ce serait un match compliqu\u00e9 et qu\u2019il faudrait r\u00e9pondre pr\u00e9sent dans les duels, dans l\u2019impact, dans l\u2019intensit\u00e9 et dans les courses. J\u2019ai l\u2019impression d\u2019avoir \u00e9t\u00e9 au rendez-vous, donc \u00e0 moi de reproduire cela lors des prochains matches.<\/p>\n\n\n\n<p><strong>Comme pr\u00e9vu, ce fut un nouveau combat tr\u00e8s physique face \u00e0 cette \u00e9quipe et, au vu des circonstances du match, l\u2019\u00e9quipe peut \u00eatre satisfaite de ce point ?<\/strong><\/p>\n\n\n\n<p>Comme Pierre-Yves l\u2019a dit, nous sommes \u00e0 moiti\u00e9 satisfaits, car nous avons eu l\u2019occasion, en fin de rencontre, d\u2019aller chercher la victoire apr\u00e8s une belle prestation d\u00e9fensive. Nous avons tr\u00e8s bien contenu le Patro, donc c\u2019est un bon point, m\u00eame si cela aurait pu \u00eatre encore mieux.<\/p>\n\n\n\n<p><strong>Samedi, Li\u00e8ge affronte un nouveau gros morceau avec le Beerschot. L\u2019occasion de prouver une fois de plus que Rocourt est devenu imp\u00e9n\u00e9trable en 2026 ?<\/strong><\/p>\n\n\n\n<p>Bien s\u00fbr. Nous avons toujours \u00e0 c\u0153ur de bien prester devant notre public et surtout de prendre les trois points \u00e0 chaque match, particuli\u00e8rement \u00e0 domicile. Que ce soit face au Beerschot ou contre n\u2019importe quel adversaire, l\u2019objectif reste le m\u00eame : la victoire.<\/p>\n\n\n\n<p><strong>Avec l\u2019objectif du top 6 qui se rapproche, est-ce que la pression commence \u00e0 se faire sentir \u00e0 l\u2019approche de la fin du championnat ?<\/strong><\/p>\n\n\n\n<p>Nous n\u2019avons pas davantage de pression. Nous prenons les matches les uns apr\u00e8s les autres. Le coach l\u2019a lui-m\u00eame dit : l\u2019objectif est d\u00e9sormais clairement assum\u00e9. Nous voulons ce top 6 et nous savons que, pour y parvenir, nous devons prendre un maximum de points \u00e0 chaque rencontre. Mais la fin du championnat ne nous met pas de pression suppl\u00e9mentaire.<\/p>\n","protected":false},"excerpt":{"rendered":"<p>L&rsquo;interview de la semaine en compagnie de Fadel Gobitaka. Face au Patro, tu as connu ta 2\u00e8me titularisation de la saison. Comment analyses-tu ta rencontre ? Je pense avoir bien aid\u00e9 l\u2019\u00e9quipe par mon travail. On savait que ce serait un match compliqu\u00e9 et qu\u2019il faudrait r\u00e9pondre pr\u00e9sent dans les duels, dans l\u2019impact, dans l\u2019intensit\u00e9 [&hellip;]<\/p>\n","protected":false},"author":12,"featured_media":31744,"comment_status":"closed","ping_status":"closed","sticky":false,"template":"","format":"standard","meta":{"iawp_total_views":195},"categories":[1],"tags":[],"_links":{"self":[{"href":"https:\/\/fcliege.be\/fr\/wp-json\/wp\/v2\/posts\/31705"}],"collection":[{"href":"https:\/\/fcliege.be\/fr\/wp-json\/wp\/v2\/posts"}],"about":[{"href":"https:\/\/fcliege.be\/fr\/wp-json\/wp\/v2\/types\/post"}],"author":[{"embeddable":true,"href":"https:\/\/fcliege.be\/fr\/wp-json\/wp\/v2\/users\/12"}],"replies":[{"embeddable":true,"href":"https:\/\/fcliege.be\/fr\/wp-json\/wp\/v2\/comments?post=31705"}],"version-history":[{"count":6,"href":"https:\/\/fcliege.be\/fr\/wp-json\/wp\/v2\/posts\/31705\/revisions"}],"predecessor-version":[{"id":31746,"href":"https:\/\/fcliege.be\/fr\/wp-json\/wp\/v2\/posts\/31705\/revisions\/31746"}],"wp:featuredmedia":[{"embeddable":true,"href":"https:\/\/fcliege.be\/fr\/wp-json\/wp\/v2\/media\/31744"}],"wp:attachment":[{"href":"https:\/\/fcliege.be\/fr\/wp-json\/wp\/v2\/media?parent=31705"}],"wp:term":[{"taxonomy":"category","embeddable":true,"href":"https:\/\/fcliege.be\/fr\/wp-json\/wp\/v2\/categories?post=31705"},{"taxonomy":"post_tag","embeddable":true,"href":"https:\/\/fcliege.be\/fr\/wp-json\/wp\/v2\/tags?post=31705"}],"curies":[{"name":"wp","href":"https:\/\/api.w.org\/{rel}","templated":true}]}}