{"id":31828,"date":"2026-03-31T11:00:00","date_gmt":"2026-03-31T09:00:00","guid":{"rendered":"https:\/\/fcliege.be\/fr\/?p=31828"},"modified":"2026-03-21T21:39:31","modified_gmt":"2026-03-21T19:39:31","slug":"fanshop-une-collection-black","status":"publish","type":"post","link":"https:\/\/fcliege.be\/fr\/fanshop-une-collection-black\/","title":{"rendered":"Fanshop | Une collection Black"},"content":{"rendered":"\n<p><\/p>\n\n\n\n<h4 class=\"wp-block-heading\"><strong>Le Fanshop du RFC Li\u00e8ge lance sa collection Black<\/strong> !<\/h4>\n\n\n\n<p>Le noir s\u2019invite au Fanshop du RFC Li\u00e8ge avec l\u2019arriv\u00e9e de la nouvelle collection Black. Une gamme sobre et soign\u00e9e, qui reprend les codes du club \u00e0 travers quatre pi\u00e8ces : <strong>la casquette Li\u00e8ge velours, la casquette blason, le bob blason et l\u2019\u00e9charpe noire<\/strong>.<\/p>\n\n\n\n<p>La casquette Li\u00e8ge noire se distingue par son velours noir et sa broderie Li\u00e8ge noire en 3D. Sur le c\u00f4t\u00e9, le perron accompagn\u00e9 de lauriers apporte une finition discr\u00e8te et travaill\u00e9e. Ajustable, elle est compl\u00e9t\u00e9e par une \u00e9tiquette tiss\u00e9e Li\u00e8ge.<\/p>\n\n\n\n<p>La casquette blason noire affiche un style noir sur noir avec un badge silicone reprenant le blason du club, dont les \u00e9l\u00e9ments ressortent en relief. Une broderie fine Li\u00e8ge, une \u00e9tiquette tiss\u00e9e avec le blason du club et une fermeture ajustable viennent compl\u00e9ter le mod\u00e8le.<\/p>\n\n\n\n<p>Le bob blason noir, en 100 % coton et en taille unique, reprend les m\u00eames codes avec son badge silicone en relief et sa broderie fine noire Li\u00e8ge.<\/p>\n\n\n\n<p>L\u2019\u00e9charpe noire, con\u00e7ue en 95 % acrylique et 5 % lycra, compl\u00e8te la collection avec une finition sobre et un patch cuir noir cousu avec le blason.<\/p>\n\n\n\n<p>Disponible d\u00e8s \u00e0 pr\u00e9sent sur le fanshop en ligne, la collection sera \u00e9galement propos\u00e9e \u00e0 l\u2019occasion de la rencontre face \u00e0 l\u2019Olympic Charleroi, ce dimanche 5 avril<\/p>\n\n\n\n<h5 class=\"wp-block-heading\"><strong><a href=\"https:\/\/www.fcliege-fanshop.be\/categorie\/kit-stadium\/\" target=\"_blank\" rel=\"noreferrer noopener\">Commande en ligne sur www.fcliege-fanshop.be<\/a><\/strong><\/h5>\n\n\n\n<figure class=\"wp-block-gallery has-nested-images columns-default is-cropped wp-block-gallery-1 is-layout-flex\">\n<figure class=\"wp-block-image size-large\"><img decoding=\"async\" loading=\"lazy\" width=\"1024\" height=\"1024\" data-id=\"31836\"  src=\"https:\/\/fcliege.be\/fr\/wp-content\/uploads\/2026\/03\/RFCL-Bob-Blason-noir-1-1024x1024.jpg\" alt=\"\" class=\"wp-image-31836\" srcset=\"https:\/\/fcliege.be\/fr\/wp-content\/uploads\/2026\/03\/RFCL-Bob-Blason-noir-1-1024x1024.jpg 1024w, https:\/\/fcliege.be\/fr\/wp-content\/uploads\/2026\/03\/RFCL-Bob-Blason-noir-1-300x300.jpg 300w, https:\/\/fcliege.be\/fr\/wp-content\/uploads\/2026\/03\/RFCL-Bob-Blason-noir-1-150x150.jpg 150w, https:\/\/fcliege.be\/fr\/wp-content\/uploads\/2026\/03\/RFCL-Bob-Blason-noir-1-768x768.jpg 768w, https:\/\/fcliege.be\/fr\/wp-content\/uploads\/2026\/03\/RFCL-Bob-Blason-noir-1.jpg 1200w\" sizes=\"(max-width: 1024px) 100vw, 1024px\" \/><\/figure>\n\n\n\n<figure class=\"wp-block-image size-large\"><img decoding=\"async\" loading=\"lazy\" width=\"1024\" height=\"1024\" data-id=\"31837\"  src=\"https:\/\/fcliege.be\/fr\/wp-content\/uploads\/2026\/03\/RFCL-Casquette-Blason-noire-1-1024x1024.jpg\" alt=\"\" class=\"wp-image-31837\" srcset=\"https:\/\/fcliege.be\/fr\/wp-content\/uploads\/2026\/03\/RFCL-Casquette-Blason-noire-1-1024x1024.jpg 1024w, https:\/\/fcliege.be\/fr\/wp-content\/uploads\/2026\/03\/RFCL-Casquette-Blason-noire-1-300x300.jpg 300w, https:\/\/fcliege.be\/fr\/wp-content\/uploads\/2026\/03\/RFCL-Casquette-Blason-noire-1-150x150.jpg 150w, https:\/\/fcliege.be\/fr\/wp-content\/uploads\/2026\/03\/RFCL-Casquette-Blason-noire-1-768x768.jpg 768w, https:\/\/fcliege.be\/fr\/wp-content\/uploads\/2026\/03\/RFCL-Casquette-Blason-noire-1.jpg 1200w\" sizes=\"(max-width: 1024px) 100vw, 1024px\" \/><\/figure>\n\n\n\n<figure class=\"wp-block-image size-large\"><img decoding=\"async\" loading=\"lazy\" width=\"1024\" height=\"1024\" data-id=\"31838\"  src=\"https:\/\/fcliege.be\/fr\/wp-content\/uploads\/2026\/03\/RFCL-Casquette-Liege-noire-1-1024x1024.jpg\" alt=\"\" class=\"wp-image-31838\" srcset=\"https:\/\/fcliege.be\/fr\/wp-content\/uploads\/2026\/03\/RFCL-Casquette-Liege-noire-1-1024x1024.jpg 1024w, https:\/\/fcliege.be\/fr\/wp-content\/uploads\/2026\/03\/RFCL-Casquette-Liege-noire-1-300x300.jpg 300w, https:\/\/fcliege.be\/fr\/wp-content\/uploads\/2026\/03\/RFCL-Casquette-Liege-noire-1-150x150.jpg 150w, https:\/\/fcliege.be\/fr\/wp-content\/uploads\/2026\/03\/RFCL-Casquette-Liege-noire-1-768x768.jpg 768w, https:\/\/fcliege.be\/fr\/wp-content\/uploads\/2026\/03\/RFCL-Casquette-Liege-noire-1.jpg 1200w\" sizes=\"(max-width: 1024px) 100vw, 1024px\" \/><\/figure>\n<\/figure>\n","protected":false},"excerpt":{"rendered":"<p>Le Fanshop du RFC Li\u00e8ge lance sa collection Black ! Le noir s\u2019invite au Fanshop du RFC Li\u00e8ge avec l\u2019arriv\u00e9e de la nouvelle collection Black. Une gamme sobre et soign\u00e9e, qui reprend les codes du club \u00e0 travers quatre pi\u00e8ces : la casquette Li\u00e8ge velours, la casquette blason, le bob blason et l\u2019\u00e9charpe noire. La [&hellip;]<\/p>\n","protected":false},"author":12,"featured_media":31829,"comment_status":"closed","ping_status":"closed","sticky":false,"template":"","format":"standard","meta":{"iawp_total_views":149},"categories":[24,28],"tags":[],"_links":{"self":[{"href":"https:\/\/fcliege.be\/fr\/wp-json\/wp\/v2\/posts\/31828"}],"collection":[{"href":"https:\/\/fcliege.be\/fr\/wp-json\/wp\/v2\/posts"}],"about":[{"href":"https:\/\/fcliege.be\/fr\/wp-json\/wp\/v2\/types\/post"}],"author":[{"embeddable":true,"href":"https:\/\/fcliege.be\/fr\/wp-json\/wp\/v2\/users\/12"}],"replies":[{"embeddable":true,"href":"https:\/\/fcliege.be\/fr\/wp-json\/wp\/v2\/comments?post=31828"}],"version-history":[{"count":7,"href":"https:\/\/fcliege.be\/fr\/wp-json\/wp\/v2\/posts\/31828\/revisions"}],"predecessor-version":[{"id":31839,"href":"https:\/\/fcliege.be\/fr\/wp-json\/wp\/v2\/posts\/31828\/revisions\/31839"}],"wp:featuredmedia":[{"embeddable":true,"href":"https:\/\/fcliege.be\/fr\/wp-json\/wp\/v2\/media\/31829"}],"wp:attachment":[{"href":"https:\/\/fcliege.be\/fr\/wp-json\/wp\/v2\/media?parent=31828"}],"wp:term":[{"taxonomy":"category","embeddable":true,"href":"https:\/\/fcliege.be\/fr\/wp-json\/wp\/v2\/categories?post=31828"},{"taxonomy":"post_tag","embeddable":true,"href":"https:\/\/fcliege.be\/fr\/wp-json\/wp\/v2\/tags?post=31828"}],"curies":[{"name":"wp","href":"https:\/\/api.w.org\/{rel}","templated":true}]}}