{"id":31905,"date":"2026-04-03T09:00:00","date_gmt":"2026-04-03T07:00:00","guid":{"rendered":"https:\/\/fcliege.be\/fr\/?p=31905"},"modified":"2026-04-02T17:45:39","modified_gmt":"2026-04-02T15:45:39","slug":"allons-liege-nouveau-numero-7","status":"publish","type":"post","link":"https:\/\/fcliege.be\/fr\/allons-liege-nouveau-numero-7\/","title":{"rendered":"Allons Li\u00e8ge ! | Nouveau num\u00e9ro"},"content":{"rendered":"\n<p><\/p>\n\n\n\n<h4 class=\"wp-block-heading\"><strong>Le nouveau num\u00e9ro du magazine \u00ab\u00a0Allons Li\u00e8ge !\u00a0\u00bb est disponible !<\/strong><\/h4>\n\n\n\n<p>En ligne ou au fanshop du stade ce dimanche lors de la rencontre contre l&rsquo;Olympic.<\/p>\n\n\n\n<p><strong>Au sommaire <\/strong>: <br>&#8211; Prolongation d\u2019Eric N\u2019Jo<br>&#8211; Entretien avec Alexis Andr\u00e9 Jr<br>&#8211; Portrait de Francine<br>&#8211; EDJ : 1\u00e8re participation en Gold Cup<\/p>\n\n\n\n<p>Merci \u00e0 notre partenaire presse \u00e9crite <strong>Sudinfo La Meuse<\/strong> pour la r\u00e9alisation de ce magazine !<\/p>\n\n\n\n<p><strong><a href=\"https:\/\/www.fcliege-fanshop.be\/shop\/allons-liege-4-saison-2025-2026\/\" target=\"_blank\" rel=\"noreferrer noopener\">> COMMANDEZ LE MAGAZINE : FCLIEGE-FANSHOP.BE<\/a><\/strong><\/p>\n\n\n\n<figure class=\"wp-block-image size-large\"><img decoding=\"async\" loading=\"lazy\" width=\"1024\" height=\"1024\" src=\"https:\/\/fcliege.be\/fr\/wp-content\/uploads\/2026\/04\/Magazine-Allons-Liege-4-1024x1024.jpg\" alt=\"\" class=\"wp-image-31906\" srcset=\"https:\/\/fcliege.be\/fr\/wp-content\/uploads\/2026\/04\/Magazine-Allons-Liege-4-1024x1024.jpg 1024w, https:\/\/fcliege.be\/fr\/wp-content\/uploads\/2026\/04\/Magazine-Allons-Liege-4-300x300.jpg 300w, https:\/\/fcliege.be\/fr\/wp-content\/uploads\/2026\/04\/Magazine-Allons-Liege-4-150x150.jpg 150w, https:\/\/fcliege.be\/fr\/wp-content\/uploads\/2026\/04\/Magazine-Allons-Liege-4-768x768.jpg 768w, https:\/\/fcliege.be\/fr\/wp-content\/uploads\/2026\/04\/Magazine-Allons-Liege-4.jpg 1200w\" sizes=\"(max-width: 1024px) 100vw, 1024px\" \/><\/figure>\n","protected":false},"excerpt":{"rendered":"<p>Le nouveau num\u00e9ro du magazine \u00ab\u00a0Allons Li\u00e8ge !\u00a0\u00bb est disponible ! En ligne ou au fanshop du stade ce dimanche lors de la rencontre contre l&rsquo;Olympic. Au sommaire : &#8211; Prolongation d\u2019Eric N\u2019Jo&#8211; Entretien avec Alexis Andr\u00e9 Jr&#8211; Portrait de Francine&#8211; EDJ : 1\u00e8re participation en Gold Cup Merci \u00e0 notre partenaire presse \u00e9crite Sudinfo [&hellip;]<\/p>\n","protected":false},"author":12,"featured_media":31910,"comment_status":"closed","ping_status":"closed","sticky":false,"template":"","format":"standard","meta":{"iawp_total_views":254},"categories":[1,24],"tags":[],"_links":{"self":[{"href":"https:\/\/fcliege.be\/fr\/wp-json\/wp\/v2\/posts\/31905"}],"collection":[{"href":"https:\/\/fcliege.be\/fr\/wp-json\/wp\/v2\/posts"}],"about":[{"href":"https:\/\/fcliege.be\/fr\/wp-json\/wp\/v2\/types\/post"}],"author":[{"embeddable":true,"href":"https:\/\/fcliege.be\/fr\/wp-json\/wp\/v2\/users\/12"}],"replies":[{"embeddable":true,"href":"https:\/\/fcliege.be\/fr\/wp-json\/wp\/v2\/comments?post=31905"}],"version-history":[{"count":3,"href":"https:\/\/fcliege.be\/fr\/wp-json\/wp\/v2\/posts\/31905\/revisions"}],"predecessor-version":[{"id":31909,"href":"https:\/\/fcliege.be\/fr\/wp-json\/wp\/v2\/posts\/31905\/revisions\/31909"}],"wp:featuredmedia":[{"embeddable":true,"href":"https:\/\/fcliege.be\/fr\/wp-json\/wp\/v2\/media\/31910"}],"wp:attachment":[{"href":"https:\/\/fcliege.be\/fr\/wp-json\/wp\/v2\/media?parent=31905"}],"wp:term":[{"taxonomy":"category","embeddable":true,"href":"https:\/\/fcliege.be\/fr\/wp-json\/wp\/v2\/categories?post=31905"},{"taxonomy":"post_tag","embeddable":true,"href":"https:\/\/fcliege.be\/fr\/wp-json\/wp\/v2\/tags?post=31905"}],"curies":[{"name":"wp","href":"https:\/\/api.w.org\/{rel}","templated":true}]}}