{"id":32075,"date":"2026-04-16T15:30:25","date_gmt":"2026-04-16T13:30:25","guid":{"rendered":"https:\/\/fcliege.be\/fr\/?p=32075"},"modified":"2026-04-17T21:32:33","modified_gmt":"2026-04-17T19:32:33","slug":"la-parole-a-eric-njo-2","status":"publish","type":"post","link":"https:\/\/fcliege.be\/fr\/la-parole-a-eric-njo-2\/","title":{"rendered":"La parole \u00e0&#8230; Eric N&rsquo;Jo"},"content":{"rendered":"\n<p><\/p>\n\n\n\n<h4 class=\"wp-block-heading\"><strong>L&rsquo;interview de la semaine en compagnie de Eric N&rsquo;Jo.<\/strong><\/h4>\n\n\n\n<p><strong>Li\u00e8ge jouera les playoffs. Comment se sent l\u2019\u00e9quipe ? On imagine que l\u2019ambiance est au top ?<\/strong><\/p>\n\n\n\n<p>En effet, oui. L\u2019ambiance est tr\u00e8s bonne, la motivation \u00e9galement. Nous sommes tr\u00e8s impatients de disputer ce derby face \u00e0 Eupen devant notre public.<\/p>\n\n\n\n<p><strong>Malgr\u00e9 un effectif d\u00e9cim\u00e9 par les blessures, les joueurs ont fait le travail. Est-ce que cette victoire, plus que jamais, est celle du noyau complet ?<\/strong><\/p>\n\n\n\n<p>Je le pense, oui. Mais lors de chaque performance, c\u2019est la m\u00eame chose : quand nous gagnons, c\u2019est tous ensemble ; lorsque nous perdons, c\u2019est \u00e9galement tous ensemble. Nous sommes unis dans les bons comme dans les mauvais moments.<\/p>\n\n\n\n<p><strong>\u00c0 titre personnel, tu as pu rejouer tes premi\u00e8res minutes depuis ta blessure. Quelles sont tes impressions ?<\/strong><\/p>\n\n\n\n<p>Cela m\u2019a fait \u00e9norm\u00e9ment de bien. Le football m\u2019avait manqu\u00e9, donc oui, je suis tr\u00e8s content de retrouver les terrains. Il faut que cela continue ainsi.<\/p>\n\n\n\n<p><strong>Avec ce r\u00e9sultat, Li\u00e8ge pourra accueillir un Eupen sous haute pression, qui devra imp\u00e9rativement s\u2019imposer et donc prendre des risques. De quoi en tirer profit ?<\/strong><\/p>\n\n\n\n<p>Nous allons aborder ce match comme les autres. M\u00eame si, effectivement, ils doivent absolument l\u2019emporter, ils voudront certainement nous presser. Ce sera \u00e0 nous d\u2019en profiter derri\u00e8re.<\/p>\n\n\n\n<p><strong>Ce dernier match pour le RFCL aura comme enjeu la position au classement. On imagine donc que l\u2019objectif reste la victoire.<\/strong><\/p>\n\n\n\n<p>Bien s\u00fbr. Comme toujours, nous visons les trois points et essaierons de finir le plus haut possible au classement.<\/p>\n","protected":false},"excerpt":{"rendered":"<p>L&rsquo;interview de la semaine en compagnie de Eric N&rsquo;Jo. Li\u00e8ge jouera les playoffs. Comment se sent l\u2019\u00e9quipe ? On imagine que l\u2019ambiance est au top ? En effet, oui. L\u2019ambiance est tr\u00e8s bonne, la motivation \u00e9galement. Nous sommes tr\u00e8s impatients de disputer ce derby face \u00e0 Eupen devant notre public. Malgr\u00e9 un effectif d\u00e9cim\u00e9 par [&hellip;]<\/p>\n","protected":false},"author":12,"featured_media":32079,"comment_status":"closed","ping_status":"closed","sticky":false,"template":"","format":"standard","meta":{"iawp_total_views":154},"categories":[1],"tags":[],"_links":{"self":[{"href":"https:\/\/fcliege.be\/fr\/wp-json\/wp\/v2\/posts\/32075"}],"collection":[{"href":"https:\/\/fcliege.be\/fr\/wp-json\/wp\/v2\/posts"}],"about":[{"href":"https:\/\/fcliege.be\/fr\/wp-json\/wp\/v2\/types\/post"}],"author":[{"embeddable":true,"href":"https:\/\/fcliege.be\/fr\/wp-json\/wp\/v2\/users\/12"}],"replies":[{"embeddable":true,"href":"https:\/\/fcliege.be\/fr\/wp-json\/wp\/v2\/comments?post=32075"}],"version-history":[{"count":4,"href":"https:\/\/fcliege.be\/fr\/wp-json\/wp\/v2\/posts\/32075\/revisions"}],"predecessor-version":[{"id":32080,"href":"https:\/\/fcliege.be\/fr\/wp-json\/wp\/v2\/posts\/32075\/revisions\/32080"}],"wp:featuredmedia":[{"embeddable":true,"href":"https:\/\/fcliege.be\/fr\/wp-json\/wp\/v2\/media\/32079"}],"wp:attachment":[{"href":"https:\/\/fcliege.be\/fr\/wp-json\/wp\/v2\/media?parent=32075"}],"wp:term":[{"taxonomy":"category","embeddable":true,"href":"https:\/\/fcliege.be\/fr\/wp-json\/wp\/v2\/categories?post=32075"},{"taxonomy":"post_tag","embeddable":true,"href":"https:\/\/fcliege.be\/fr\/wp-json\/wp\/v2\/tags?post=32075"}],"curies":[{"name":"wp","href":"https:\/\/api.w.org\/{rel}","templated":true}]}}