{"id":32161,"date":"2026-04-22T09:00:00","date_gmt":"2026-04-22T07:00:00","guid":{"rendered":"https:\/\/fcliege.be\/fr\/?p=32161"},"modified":"2026-04-23T22:24:37","modified_gmt":"2026-04-23T20:24:37","slug":"la-parole-a-abian-arslan","status":"publish","type":"post","link":"https:\/\/fcliege.be\/fr\/la-parole-a-abian-arslan\/","title":{"rendered":"La parole \u00e0&#8230; Abian Arslan"},"content":{"rendered":"\n<p><\/p>\n\n\n\n<h4 class=\"wp-block-heading\"><strong>L&rsquo;interview de la semaine en compagnie d&rsquo;Abian Arslan.<\/strong><\/h4>\n\n\n\n<p><strong>Comment analyses-tu les deux derni\u00e8res rencontres de ce championnat, o\u00f9 l\u2019on a l\u2019impression que l\u2019\u00e9quipe a gagn\u00e9 en r\u00e9gularit\u00e9 par rapport au reste de la saison ?<\/strong><\/p>\n\n\n\n<p>Comme depuis le d\u00e9but de la saison, nous travaillons beaucoup afin de gommer ce qui ne va pas, et le travail paie. Cela fait \u00e9videmment plaisir.<\/p>\n\n\n\n<p><strong>Face \u00e0 Lommel, Li\u00e8ge aura sa carte \u00e0 jouer. Il faudra n\u00e9anmoins rester attentif face \u00e0 une \u00e9quipe contre laquelle nous avions connu quelques difficult\u00e9s \u00e0 l\u2019aller en championnat, malgr\u00e9 la victoire.<\/strong><\/p>\n\n\n\n<p>En effet, mais tous les matchs \u00e0 l\u2019ext\u00e9rieur sont compliqu\u00e9s. Nous allons aller l\u00e0-bas, donner notre maximum et essayer de faire le meilleur r\u00e9sultat possible avant le retour \u00e0 domicile, o\u00f9 tout le monde sait que, chez nous, il est \u00e9galement tr\u00e8s compliqu\u00e9 de l\u2019emporter.<\/p>\n\n\n\n<p><strong>Avec une magnifique 4e place obtenue, dans quel \u00e9tat d\u2019esprit l\u2019\u00e9quipe va-t-elle aborder cette rencontre face \u00e0 Lommel ?<\/strong><\/p>\n\n\n\n<p>Comme pour tous les matchs, dans un bon \u00e9tat d\u2019esprit. Le groupe vit tr\u00e8s bien, l\u2019ambiance est au top, la confiance est pr\u00e9sente, et c\u2019est dans ces conditions que nous allons nous d\u00e9placer jeudi.<\/p>\n\n\n\n<p><strong>Pour ce match aller, Li\u00e8ge se d\u00e9place : de quoi rester encore plus sur nos gardes et ne pas prendre trop de risques en vue du retour \u00e0 Rocourt lundi ?<\/strong><\/p>\n\n\n\n<p>Nous allons d\u00e9velopper le m\u00eame football que d\u2019habitude. Nous ne devons pas nous d\u00e9placer avec la peur d\u2019\u00eatre battus, mais avec l\u2019envie de gagner.<\/p>\n","protected":false},"excerpt":{"rendered":"<p>L&rsquo;interview de la semaine en compagnie d&rsquo;Abian Arslan. Comment analyses-tu les deux derni\u00e8res rencontres de ce championnat, o\u00f9 l\u2019on a l\u2019impression que l\u2019\u00e9quipe a gagn\u00e9 en r\u00e9gularit\u00e9 par rapport au reste de la saison ? Comme depuis le d\u00e9but de la saison, nous travaillons beaucoup afin de gommer ce qui ne va pas, et le [&hellip;]<\/p>\n","protected":false},"author":12,"featured_media":32177,"comment_status":"closed","ping_status":"closed","sticky":false,"template":"","format":"standard","meta":{"iawp_total_views":241},"categories":[1],"tags":[],"_links":{"self":[{"href":"https:\/\/fcliege.be\/fr\/wp-json\/wp\/v2\/posts\/32161"}],"collection":[{"href":"https:\/\/fcliege.be\/fr\/wp-json\/wp\/v2\/posts"}],"about":[{"href":"https:\/\/fcliege.be\/fr\/wp-json\/wp\/v2\/types\/post"}],"author":[{"embeddable":true,"href":"https:\/\/fcliege.be\/fr\/wp-json\/wp\/v2\/users\/12"}],"replies":[{"embeddable":true,"href":"https:\/\/fcliege.be\/fr\/wp-json\/wp\/v2\/comments?post=32161"}],"version-history":[{"count":2,"href":"https:\/\/fcliege.be\/fr\/wp-json\/wp\/v2\/posts\/32161\/revisions"}],"predecessor-version":[{"id":32178,"href":"https:\/\/fcliege.be\/fr\/wp-json\/wp\/v2\/posts\/32161\/revisions\/32178"}],"wp:featuredmedia":[{"embeddable":true,"href":"https:\/\/fcliege.be\/fr\/wp-json\/wp\/v2\/media\/32177"}],"wp:attachment":[{"href":"https:\/\/fcliege.be\/fr\/wp-json\/wp\/v2\/media?parent=32161"}],"wp:term":[{"taxonomy":"category","embeddable":true,"href":"https:\/\/fcliege.be\/fr\/wp-json\/wp\/v2\/categories?post=32161"},{"taxonomy":"post_tag","embeddable":true,"href":"https:\/\/fcliege.be\/fr\/wp-json\/wp\/v2\/tags?post=32161"}],"curies":[{"name":"wp","href":"https:\/\/api.w.org\/{rel}","templated":true}]}}