{"id":32173,"date":"2026-04-21T09:00:00","date_gmt":"2026-04-21T07:00:00","guid":{"rendered":"https:\/\/fcliege.be\/fr\/?p=32173"},"modified":"2026-04-20T17:28:36","modified_gmt":"2026-04-20T15:28:36","slug":"atelier-fondation-ihsane-jarfi","status":"publish","type":"post","link":"https:\/\/fcliege.be\/fr\/atelier-fondation-ihsane-jarfi\/","title":{"rendered":"Atelier Fondation Ihsane Jarfi"},"content":{"rendered":"\n<p><\/p>\n\n\n\n<h4 class=\"wp-block-heading\"><strong>Dans le cadre de sa politique de safeguarding (axe strat\u00e9gique protection et bien \u00eatre des jeunes) et de son axe strat\u00e9gique anti-discrimination, le RFC Li\u00e8ge a organis\u00e9 une s\u00e9ance de sensibilisation \u00e0 l\u2019anti-discrimination, avec un focus particulier sur la lutte contre l\u2019homophobie, en collaboration avec la Fondation Ihsane Jarfi.<\/strong><\/h4>\n\n\n\n<p>Cette intervention s&rsquo;est tenue le 13 avril. L\u2019objectif \u00e9tait de renforcer la compr\u00e9hension des m\u00e9canismes de discrimination, d\u2019ouvrir un espace de parole adapt\u00e9 aux jeunes, et de leur donner des rep\u00e8res concrets pour contribuer \u00e0 un environnement sportif plus respectueux et inclusif.<\/p>\n","protected":false},"excerpt":{"rendered":"<p>Dans le cadre de sa politique de safeguarding (axe strat\u00e9gique protection et bien \u00eatre des jeunes) et de son axe strat\u00e9gique anti-discrimination, le RFC Li\u00e8ge a organis\u00e9 une s\u00e9ance de sensibilisation \u00e0 l\u2019anti-discrimination, avec un focus particulier sur la lutte contre l\u2019homophobie, en collaboration avec la Fondation Ihsane Jarfi. Cette intervention s&rsquo;est tenue le 13 [&hellip;]<\/p>\n","protected":false},"author":12,"featured_media":32175,"comment_status":"closed","ping_status":"closed","sticky":false,"template":"","format":"standard","meta":{"iawp_total_views":65},"categories":[1,24,23],"tags":[],"_links":{"self":[{"href":"https:\/\/fcliege.be\/fr\/wp-json\/wp\/v2\/posts\/32173"}],"collection":[{"href":"https:\/\/fcliege.be\/fr\/wp-json\/wp\/v2\/posts"}],"about":[{"href":"https:\/\/fcliege.be\/fr\/wp-json\/wp\/v2\/types\/post"}],"author":[{"embeddable":true,"href":"https:\/\/fcliege.be\/fr\/wp-json\/wp\/v2\/users\/12"}],"replies":[{"embeddable":true,"href":"https:\/\/fcliege.be\/fr\/wp-json\/wp\/v2\/comments?post=32173"}],"version-history":[{"count":1,"href":"https:\/\/fcliege.be\/fr\/wp-json\/wp\/v2\/posts\/32173\/revisions"}],"predecessor-version":[{"id":32176,"href":"https:\/\/fcliege.be\/fr\/wp-json\/wp\/v2\/posts\/32173\/revisions\/32176"}],"wp:featuredmedia":[{"embeddable":true,"href":"https:\/\/fcliege.be\/fr\/wp-json\/wp\/v2\/media\/32175"}],"wp:attachment":[{"href":"https:\/\/fcliege.be\/fr\/wp-json\/wp\/v2\/media?parent=32173"}],"wp:term":[{"taxonomy":"category","embeddable":true,"href":"https:\/\/fcliege.be\/fr\/wp-json\/wp\/v2\/categories?post=32173"},{"taxonomy":"post_tag","embeddable":true,"href":"https:\/\/fcliege.be\/fr\/wp-json\/wp\/v2\/tags?post=32173"}],"curies":[{"name":"wp","href":"https:\/\/api.w.org\/{rel}","templated":true}]}}