{"id":32181,"date":"2026-04-25T17:00:00","date_gmt":"2026-04-25T15:00:00","guid":{"rendered":"https:\/\/fcliege.be\/fr\/?p=32181"},"modified":"2026-04-23T17:43:14","modified_gmt":"2026-04-23T15:43:14","slug":"parcours-democratique-des-u14","status":"publish","type":"post","link":"https:\/\/fcliege.be\/fr\/parcours-democratique-des-u14\/","title":{"rendered":"Parcours d\u00e9mocratique des U14"},"content":{"rendered":"\n<p><\/p>\n\n\n\n<h4 class=\"wp-block-heading\"><strong>Les U14 du RFC Li\u00e8ge ont particip\u00e9, le 22 avril, \u00e0 une promenade initiatique de 6 km \u00e0 travers la Ville de Li\u00e8ge, autour du th\u00e8me de la d\u00e9mocratie.<\/strong><\/h4>\n\n\n\n<p>Le parcours, rythm\u00e9 par plusieurs arr\u00eats dans des lieux symboliques, a permis d\u2019aborder concr\u00e8tement des notions essentielles telles que le respect, l\u2019\u00e9galit\u00e9, la lutte contre les discriminations et le vivre-ensemble. Une mani\u00e8re diff\u00e9rente d\u2019apprendre, en lien direct avec la r\u00e9alit\u00e9 du terrain et de la soci\u00e9t\u00e9.<\/p>\n\n\n\n<p>Cette activit\u00e9 s\u2019inscrit dans le travail \u00e9ducatif men\u00e9 au sein du club : au-del\u00e0 de l\u2019aspect sportif, les joueurs sont invit\u00e9s \u00e0 r\u00e9fl\u00e9chir \u00e0 leur r\u00f4le de jeunes citoyens et aux valeurs qu\u2019ils repr\u00e9sentent en portant les couleurs du RFC Li\u00e8ge.<\/p>\n\n\n\n<p>Cette action a \u00e9t\u00e9 organis\u00e9e en collaboration avec la Ville de Li\u00e8ge. Un remerciement particulier au Fan Coaching de la Ville de Li\u00e8ge pour la mise en place de cette activit\u00e9 enrichissante.<\/p>\n\n\n\n<figure class=\"wp-block-gallery has-nested-images columns-default is-cropped wp-block-gallery-1 is-layout-flex\">\n<figure class=\"wp-block-image size-large\"><img decoding=\"async\" loading=\"lazy\" width=\"768\" height=\"1024\" data-id=\"32185\"  src=\"https:\/\/fcliege.be\/fr\/wp-content\/uploads\/2026\/04\/OS-2-2026-0-22-Parcours-Democratique-3-768x1024.jpg\" alt=\"\" class=\"wp-image-32185\" srcset=\"https:\/\/fcliege.be\/fr\/wp-content\/uploads\/2026\/04\/OS-2-2026-0-22-Parcours-Democratique-3-768x1024.jpg 768w, https:\/\/fcliege.be\/fr\/wp-content\/uploads\/2026\/04\/OS-2-2026-0-22-Parcours-Democratique-3-225x300.jpg 225w, https:\/\/fcliege.be\/fr\/wp-content\/uploads\/2026\/04\/OS-2-2026-0-22-Parcours-Democratique-3.jpg 1530w\" sizes=\"(max-width: 768px) 100vw, 768px\" \/><\/figure>\n\n\n\n<figure class=\"wp-block-image size-large\"><img decoding=\"async\" loading=\"lazy\" width=\"768\" height=\"1024\" data-id=\"32186\"  src=\"https:\/\/fcliege.be\/fr\/wp-content\/uploads\/2026\/04\/OS-2-2026-0-22-Parcours-Democratique-8-768x1024.jpg\" alt=\"\" class=\"wp-image-32186\" srcset=\"https:\/\/fcliege.be\/fr\/wp-content\/uploads\/2026\/04\/OS-2-2026-0-22-Parcours-Democratique-8-768x1024.jpg 768w, https:\/\/fcliege.be\/fr\/wp-content\/uploads\/2026\/04\/OS-2-2026-0-22-Parcours-Democratique-8-225x300.jpg 225w, https:\/\/fcliege.be\/fr\/wp-content\/uploads\/2026\/04\/OS-2-2026-0-22-Parcours-Democratique-8.jpg 1530w\" sizes=\"(max-width: 768px) 100vw, 768px\" \/><\/figure>\n\n\n\n<figure class=\"wp-block-image size-large\"><img decoding=\"async\" loading=\"lazy\" width=\"1024\" height=\"768\" data-id=\"32184\"  src=\"https:\/\/fcliege.be\/fr\/wp-content\/uploads\/2026\/04\/OS-2-2026-0-22-Parcours-Democratique-9-1024x768.jpg\" alt=\"\" class=\"wp-image-32184\" srcset=\"https:\/\/fcliege.be\/fr\/wp-content\/uploads\/2026\/04\/OS-2-2026-0-22-Parcours-Democratique-9-1024x768.jpg 1024w, https:\/\/fcliege.be\/fr\/wp-content\/uploads\/2026\/04\/OS-2-2026-0-22-Parcours-Democratique-9-300x225.jpg 300w, https:\/\/fcliege.be\/fr\/wp-content\/uploads\/2026\/04\/OS-2-2026-0-22-Parcours-Democratique-9-768x576.jpg 768w, https:\/\/fcliege.be\/fr\/wp-content\/uploads\/2026\/04\/OS-2-2026-0-22-Parcours-Democratique-9.jpg 2040w\" sizes=\"(max-width: 1024px) 100vw, 1024px\" \/><\/figure>\n<\/figure>\n","protected":false},"excerpt":{"rendered":"<p>Les U14 du RFC Li\u00e8ge ont particip\u00e9, le 22 avril, \u00e0 une promenade initiatique de 6 km \u00e0 travers la Ville de Li\u00e8ge, autour du th\u00e8me de la d\u00e9mocratie. Le parcours, rythm\u00e9 par plusieurs arr\u00eats dans des lieux symboliques, a permis d\u2019aborder concr\u00e8tement des notions essentielles telles que le respect, l\u2019\u00e9galit\u00e9, la lutte contre les [&hellip;]<\/p>\n","protected":false},"author":12,"featured_media":32183,"comment_status":"closed","ping_status":"closed","sticky":false,"template":"","format":"standard","meta":{"iawp_total_views":102},"categories":[24,23],"tags":[],"_links":{"self":[{"href":"https:\/\/fcliege.be\/fr\/wp-json\/wp\/v2\/posts\/32181"}],"collection":[{"href":"https:\/\/fcliege.be\/fr\/wp-json\/wp\/v2\/posts"}],"about":[{"href":"https:\/\/fcliege.be\/fr\/wp-json\/wp\/v2\/types\/post"}],"author":[{"embeddable":true,"href":"https:\/\/fcliege.be\/fr\/wp-json\/wp\/v2\/users\/12"}],"replies":[{"embeddable":true,"href":"https:\/\/fcliege.be\/fr\/wp-json\/wp\/v2\/comments?post=32181"}],"version-history":[{"count":2,"href":"https:\/\/fcliege.be\/fr\/wp-json\/wp\/v2\/posts\/32181\/revisions"}],"predecessor-version":[{"id":32187,"href":"https:\/\/fcliege.be\/fr\/wp-json\/wp\/v2\/posts\/32181\/revisions\/32187"}],"wp:featuredmedia":[{"embeddable":true,"href":"https:\/\/fcliege.be\/fr\/wp-json\/wp\/v2\/media\/32183"}],"wp:attachment":[{"href":"https:\/\/fcliege.be\/fr\/wp-json\/wp\/v2\/media?parent=32181"}],"wp:term":[{"taxonomy":"category","embeddable":true,"href":"https:\/\/fcliege.be\/fr\/wp-json\/wp\/v2\/categories?post=32181"},{"taxonomy":"post_tag","embeddable":true,"href":"https:\/\/fcliege.be\/fr\/wp-json\/wp\/v2\/tags?post=32181"}],"curies":[{"name":"wp","href":"https:\/\/api.w.org\/{rel}","templated":true}]}}