{"id":32226,"date":"2026-04-26T15:00:00","date_gmt":"2026-04-26T13:00:00","guid":{"rendered":"https:\/\/fcliege.be\/fr\/?p=32226"},"modified":"2026-04-25T22:08:25","modified_gmt":"2026-04-25T20:08:25","slug":"la-parole-a-jona-dostilio-3","status":"publish","type":"post","link":"https:\/\/fcliege.be\/fr\/la-parole-a-jona-dostilio-3\/","title":{"rendered":"La parole \u00e0&#8230; Jona D&rsquo;Ostilio"},"content":{"rendered":"\n<p><\/p>\n\n\n\n<h4 class=\"wp-block-heading\"><strong>L&rsquo;interview de la semaine en compagnie de Jonathan D&rsquo;Ostilio.<\/strong><\/h4>\n\n\n\n<p><strong>Quelques jours apr\u00e8s le match \u00e0 Lommel, comment se sent l\u2019\u00e9quipe ?<\/strong><\/p>\n\n\n\n<p>Nous avons pris un coup sur la t\u00eate, mais malgr\u00e9 tout, il reste un match retour. Nous ferons le maximum pour tenter de combler notre retard ou, en tout cas, de livrer la meilleure prestation possible et n\u2019avoir aucun regret au coup de sifflet final.<\/p>\n\n\n\n<p><strong>Pour toi, quelles ont \u00e9t\u00e9 les principales causes de cette lourde d\u00e9faite jeudi dernier ?<\/strong><\/p>\n\n\n\n<p>Je pense que nous avons conc\u00e9d\u00e9 trop d\u2019espaces et commis des erreurs de positionnement. Quand on regarde l\u2019ensemble du match, Lommel n\u2019a pas eu \u00e9norm\u00e9ment d\u2019occasions franches, mais ils ont su profiter du peu qu\u2019on leur a laiss\u00e9. C\u2019est ce qu\u2019il faudra \u00e9galement rectifier lundi : leur laisser le moins d\u2019espace possible et profiter, comme eux l\u2019ont fait jeudi, de nos occasions.<\/p>\n\n\n\n<p><strong>Pour cr\u00e9er l\u2019exploit, Li\u00e8ge devra \u00eatre \u00e0 la fois intraitable en d\u00e9fense et chirurgical en attaque. L\u2019exploit est-il r\u00e9alisable ?<\/strong><\/p>\n\n\n\n<p>Bien s\u00fbr, cela s\u2019est d\u00e9j\u00e0 vu \u00e0 Rocourt par le pass\u00e9. On sait qu\u2019ici, avec l\u2019ambiance qui r\u00e8gne, tout est possible. Nous avons d\u00e9j\u00e0 renvers\u00e9 des situations similaires par le pass\u00e9, donc oui, je suis persuad\u00e9 que nous aurons nos chances. Certes, ce sera tr\u00e8s compliqu\u00e9, mais nous ne devons avoir aucun regret : tout donner jusqu\u2019\u00e0 la fin. Et si nous ne parvenons pas \u00e0 combler l\u2019enti\u00e8ret\u00e9 de notre retard, nous voulons au moins sortir la t\u00eate haute et finir sur une belle note.<\/p>\n\n\n\n<p><strong>Tu es l\u2019un des derniers rescap\u00e9s du fameux match face \u00e0 Brakel lors du tour final de D2 amateurs. Est-ce que cette rencontre te donne des id\u00e9es pour lundi ?<\/strong><\/p>\n\n\n\n<p>Tout \u00e0 fait. Depuis jeudi soir, j\u2019y pense. Nous avions r\u00e9ussi \u00e0 remonter deux buts. Je me souviens que nous leur avions mis une pression maximale d\u00e8s le d\u00e9but du match, et c\u2019est ce genre de prestation qu\u2019il faudra reproduire lundi devant notre public. Une nouvelle fois, j\u2019esp\u00e8re que, malgr\u00e9 la contre-performance de jeudi, nous pourrons compter sur un maximum de supporters afin de nous pousser vers l\u2019exploit.<\/p>\n\n\n\n<p><strong>Le plan sera sans doute d\u2019emballer le match d\u00e8s le coup d\u2019envoi afin de les faire douter ?<\/strong><\/p>\n\n\n\n<p>Exact. Nous ne devons plus calculer. Nous savons ce que nous avons \u00e0 faire et nous allons tout donner pendant 90, voire 120 minutes s\u2019il le faut pour nous qualifier. La t\u00e2che sera rude, mais dans le groupe, on y croit.<\/p>\n","protected":false},"excerpt":{"rendered":"<p>L&rsquo;interview de la semaine en compagnie de Jonathan D&rsquo;Ostilio. Quelques jours apr\u00e8s le match \u00e0 Lommel, comment se sent l\u2019\u00e9quipe ? Nous avons pris un coup sur la t\u00eate, mais malgr\u00e9 tout, il reste un match retour. Nous ferons le maximum pour tenter de combler notre retard ou, en tout cas, de livrer la meilleure [&hellip;]<\/p>\n","protected":false},"author":12,"featured_media":30890,"comment_status":"closed","ping_status":"closed","sticky":false,"template":"","format":"standard","meta":{"iawp_total_views":229},"categories":[1,24],"tags":[],"_links":{"self":[{"href":"https:\/\/fcliege.be\/fr\/wp-json\/wp\/v2\/posts\/32226"}],"collection":[{"href":"https:\/\/fcliege.be\/fr\/wp-json\/wp\/v2\/posts"}],"about":[{"href":"https:\/\/fcliege.be\/fr\/wp-json\/wp\/v2\/types\/post"}],"author":[{"embeddable":true,"href":"https:\/\/fcliege.be\/fr\/wp-json\/wp\/v2\/users\/12"}],"replies":[{"embeddable":true,"href":"https:\/\/fcliege.be\/fr\/wp-json\/wp\/v2\/comments?post=32226"}],"version-history":[{"count":6,"href":"https:\/\/fcliege.be\/fr\/wp-json\/wp\/v2\/posts\/32226\/revisions"}],"predecessor-version":[{"id":32232,"href":"https:\/\/fcliege.be\/fr\/wp-json\/wp\/v2\/posts\/32226\/revisions\/32232"}],"wp:featuredmedia":[{"embeddable":true,"href":"https:\/\/fcliege.be\/fr\/wp-json\/wp\/v2\/media\/30890"}],"wp:attachment":[{"href":"https:\/\/fcliege.be\/fr\/wp-json\/wp\/v2\/media?parent=32226"}],"wp:term":[{"taxonomy":"category","embeddable":true,"href":"https:\/\/fcliege.be\/fr\/wp-json\/wp\/v2\/categories?post=32226"},{"taxonomy":"post_tag","embeddable":true,"href":"https:\/\/fcliege.be\/fr\/wp-json\/wp\/v2\/tags?post=32226"}],"curies":[{"name":"wp","href":"https:\/\/api.w.org\/{rel}","templated":true}]}}