{"id":32234,"date":"2026-04-27T20:40:03","date_gmt":"2026-04-27T18:40:03","guid":{"rendered":"https:\/\/fcliege.be\/fr\/?p=32234"},"modified":"2026-04-27T20:40:04","modified_gmt":"2026-04-27T18:40:04","slug":"dames-resultat-du-week-end-18","status":"publish","type":"post","link":"https:\/\/fcliege.be\/fr\/dames-resultat-du-week-end-18\/","title":{"rendered":"Dames | R\u00e9sultat du week-end"},"content":{"rendered":"\n<p><\/p>\n\n\n\n<p><strong>D\u00e9couvrez les comptes-rendus des matchs de nos \u00e9quipes f\u00e9minines.<\/strong><\/p>\n\n\n\n<p>Rapha\u00ebl et Maurice Quaranta nous r\u00e9sument les rencontres chaque semaine.<\/p>\n\n\n\n<p><strong>EQUIPE A <\/strong>: Sart Tilman \u2013 RFC Li\u00e8ge : 0-7<\/p>\n\n\n\n<p>Nos joueuses avaient \u00e0 c\u0153ur de d\u00e9marrer cette rencontre dans les meilleures conditions, fi\u00e8res de porter le tee-shirt de championnes de P1 offert par la direction. Un moment \u00e0 savourer dans une carri\u00e8re, et cela s\u2019est ressenti d\u00e8s les premi\u00e8res secondes.<\/p>\n\n\n\n<p>Il ne fallait pas arriver en retard : sur la premi\u00e8re action, un centre parfaitement exploit\u00e9 lance M\u00e9lis Killic, qui file seule au but, encha\u00eene les dribbles et ouvre le score apr\u00e8s 1 minute (0-1). Cinq minutes plus tard, l\u2019adversaire n\u2019a toujours pas compris ce qui lui arrive : Lailla Di Bagio double d\u00e9j\u00e0 la mise (0-2). Le Sart Tilman est d\u00e9pass\u00e9 par la vitesse d\u2019ex\u00e9cution d\u2019une \u00e9quipe li\u00e9geoise venue en leader.<\/p>\n\n\n\n<p>Les contres s\u2019encha\u00eenent \u00e0 un rythme \u00e9lev\u00e9. \u00c0 la 9e minute, M\u00e9lis signe un doubl\u00e9 et porte le score \u00e0 0-3. L\u2019\u00e9quipe pousse encore, notamment pour permettre \u00e0 M\u00e9lis de se rapprocher du titre de meilleure buteuse de P1. Les occasions continuent de se multiplier, mais un manque de concentration devant le but emp\u00eache d\u2019alourdir plus vite le score. M\u00e9lis, Lailla et Sacha Busi passent tout pr\u00e8s.<\/p>\n\n\n\n<p>\u00c0 la 24e minute, Lailla inscrit son deuxi\u00e8me but de la soir\u00e9e (0-4). La suite de la premi\u00e8re p\u00e9riode est marqu\u00e9e par plusieurs opportunit\u00e9s non concr\u00e9tis\u00e9es. La pause fait du bien, d\u2019autant que les premi\u00e8res chaleurs commencent \u00e0 peser.<\/p>\n\n\n\n<p>La seconde mi-temps repart sur un tempo plus tranquille, mais toujours ma\u00eetris\u00e9. De beaux mouvements collectifs permettent \u00e0 Kenza Alletto de se mettre en \u00e9vidence avec deux superbes r\u00e9alisations \u00e0 la 55e et \u00e0 la 67e minute (0-5, puis 0-6). Le coaching tourne, les joueuses respectent le plan de jeu, et Aude Duyckaerts cl\u00f4ture la marque \u00e0 la 89e minute, avec un but bien dans son style (0-7).<\/p>\n\n\n\n<p>Lucie Hempte aura m\u00eame eu droit \u00e0 une petite frayeur en fin de match, son clean sheet \u00e9tant en jeu, mais elle le conserve finalement.<\/p>\n\n\n\n<p>Le travail est accompli pour un groupe agr\u00e9able \u00e0 encadrer. F\u00e9licitations \u00e0 toutes. L\u2019attention se tourne d\u00e9sormais vers les prochaines \u00e9ch\u00e9ances : le tour final de P1, la Coupe de la Province et le tour final des IP.<\/p>\n","protected":false},"excerpt":{"rendered":"<p>D\u00e9couvrez les comptes-rendus des matchs de nos \u00e9quipes f\u00e9minines. Rapha\u00ebl et Maurice Quaranta nous r\u00e9sument les rencontres chaque semaine. EQUIPE A : Sart Tilman \u2013 RFC Li\u00e8ge : 0-7 Nos joueuses avaient \u00e0 c\u0153ur de d\u00e9marrer cette rencontre dans les meilleures conditions, fi\u00e8res de porter le tee-shirt de championnes de P1 offert par la direction. [&hellip;]<\/p>\n","protected":false},"author":12,"featured_media":32236,"comment_status":"closed","ping_status":"closed","sticky":false,"template":"","format":"standard","meta":{"iawp_total_views":91},"categories":[70,24],"tags":[],"_links":{"self":[{"href":"https:\/\/fcliege.be\/fr\/wp-json\/wp\/v2\/posts\/32234"}],"collection":[{"href":"https:\/\/fcliege.be\/fr\/wp-json\/wp\/v2\/posts"}],"about":[{"href":"https:\/\/fcliege.be\/fr\/wp-json\/wp\/v2\/types\/post"}],"author":[{"embeddable":true,"href":"https:\/\/fcliege.be\/fr\/wp-json\/wp\/v2\/users\/12"}],"replies":[{"embeddable":true,"href":"https:\/\/fcliege.be\/fr\/wp-json\/wp\/v2\/comments?post=32234"}],"version-history":[{"count":1,"href":"https:\/\/fcliege.be\/fr\/wp-json\/wp\/v2\/posts\/32234\/revisions"}],"predecessor-version":[{"id":32235,"href":"https:\/\/fcliege.be\/fr\/wp-json\/wp\/v2\/posts\/32234\/revisions\/32235"}],"wp:featuredmedia":[{"embeddable":true,"href":"https:\/\/fcliege.be\/fr\/wp-json\/wp\/v2\/media\/32236"}],"wp:attachment":[{"href":"https:\/\/fcliege.be\/fr\/wp-json\/wp\/v2\/media?parent=32234"}],"wp:term":[{"taxonomy":"category","embeddable":true,"href":"https:\/\/fcliege.be\/fr\/wp-json\/wp\/v2\/categories?post=32234"},{"taxonomy":"post_tag","embeddable":true,"href":"https:\/\/fcliege.be\/fr\/wp-json\/wp\/v2\/tags?post=32234"}],"curies":[{"name":"wp","href":"https:\/\/api.w.org\/{rel}","templated":true}]}}