{"id":4013,"date":"2015-02-08T18:17:02","date_gmt":"2015-02-08T17:17:02","guid":{"rendered":"http:\/\/fcliege.be\/fr\/?p=4013"},"modified":"2017-08-02T16:36:08","modified_gmt":"2017-08-02T15:36:08","slug":"une-bonne-seconde-mi-temps-rfcl-ur-namur-2-0","status":"publish","type":"post","link":"https:\/\/fcliege.be\/fr\/une-bonne-seconde-mi-temps-rfcl-ur-namur-2-0\/","title":{"rendered":"Une bonne seconde mi-temps : RFCL 2-0 UR Namur + WebTV"},"content":{"rendered":"<p>Le match d\u00e9bute par un choc violent et fortuit entre Ga\u00ebtan Audoor et le d\u00e9fenseur namurois Amin Hadim. Hadim s&rsquo;en tirera avec un bandage impressionnant \u00e0 la t\u00eate tandis qu&rsquo;Audoor finira par c\u00e9der sa place \u00e0 Dethier \u00e0 la 27&prime;. Est-cela qui a ralenti l&rsquo;ardeur des joueurs ? Toujours est-il qu&rsquo;on n&rsquo;a pas vu grand chose en 1\u00e8re mi-temps. Rien du c\u00f4t\u00e9 des Merles\u00a0 et quelques actions mal termin\u00e9es pour le FC Li\u00e8ge : 6&prime; t\u00eate de Diallo \u00e0 c\u00f4t\u00e9,\u00a0 18&prime; tir d&rsquo;Audoor sur une action Diallo\/JSL, 23&prime; t\u00eate manqu\u00e9e de Diallo sur un centre de Vandebon, 43&prime; bon tir de Dethier et 45&prime; raid solitaire mal conclu par Diallo.<\/p>\n<p>En seconde mi-temps, Li\u00e8ge repart en force et d\u00e8s la 48&prime; Guillaume r\u00e9cup\u00e8re le ballon sur la gauche du rectangle et son tir est arr\u00eat\u00e9 sur la ligne et de la main par Toumi : exclusion du d\u00e9fenseur, p\u00e9nalty et panenka dans le plafond de Jean-S\u00e9bastien Legros (1-0). Le plus difficile est fait, d&rsquo;autant plus qu&rsquo;\u00e0 la 54&prime;, sur une belle transversale de Meunier, Diallo isole Guillaume qui fait 2-0. Namur aura sa 1\u00e8re occasion \u00e0 la 57&prime; mais Li\u00e8ge a le match en main. A la 75&prime;, apr\u00e8s un d\u00e9bordement \u00e0 gauche de Vandebon, Guillaume tire en force mais le gardien, d&rsquo;un beau r\u00e9flexe, d\u00e9vie en coup de coin. Signe de la sup\u00e9riorit\u00e9 li\u00e9geoise, Pire interviendra pour la premi\u00e8re fois \u00e0 la 82&prime; et encore, il y avait hors jeu ! Et de neuf, donc ! Mercredi soir, match de retard \u00e0 Couvin-Mariembourg.<\/p>\n<p>Pire, Bosman, Dejoie, Winandts, Vandebon, Audoor (27&prime; Dethier), Teruel, Meunier (83&prime; Henke), Guillaume, Legros, Diallo<\/p>\n<p>Cartes jaunes ; Bosman, Dejoie, Guillaume<\/p>\n<div class=\"embed\"><div class=\"video\"><iframe width=\"560\" height=\"315\" src=\"http:\/\/www.youtube.com\/embed\/LBGtYf2yRSQ\" frameborder=\"0\" allowfullscreen><\/iframe><\/div><\/div>\n","protected":false},"excerpt":{"rendered":"<p>Le match d\u00e9bute par un choc violent et fortuit entre Ga\u00ebtan Audoor et le d\u00e9fenseur namurois Amin Hadim. Hadim s&rsquo;en tirera avec un bandage impressionnant \u00e0 la t\u00eate tandis qu&rsquo;Audoor finira par c\u00e9der sa place \u00e0 Dethier \u00e0 la 27&prime;. Est-cela qui a ralenti l&rsquo;ardeur des joueurs ? Toujours est-il qu&rsquo;on n&rsquo;a pas vu grand [&hellip;]<\/p>\n","protected":false},"author":4,"featured_media":4017,"comment_status":"closed","ping_status":"closed","sticky":false,"template":"","format":"video","meta":{"iawp_total_views":1},"categories":[49],"tags":[],"_links":{"self":[{"href":"https:\/\/fcliege.be\/fr\/wp-json\/wp\/v2\/posts\/4013"}],"collection":[{"href":"https:\/\/fcliege.be\/fr\/wp-json\/wp\/v2\/posts"}],"about":[{"href":"https:\/\/fcliege.be\/fr\/wp-json\/wp\/v2\/types\/post"}],"author":[{"embeddable":true,"href":"https:\/\/fcliege.be\/fr\/wp-json\/wp\/v2\/users\/4"}],"replies":[{"embeddable":true,"href":"https:\/\/fcliege.be\/fr\/wp-json\/wp\/v2\/comments?post=4013"}],"version-history":[{"count":4,"href":"https:\/\/fcliege.be\/fr\/wp-json\/wp\/v2\/posts\/4013\/revisions"}],"predecessor-version":[{"id":4018,"href":"https:\/\/fcliege.be\/fr\/wp-json\/wp\/v2\/posts\/4013\/revisions\/4018"}],"wp:featuredmedia":[{"embeddable":true,"href":"https:\/\/fcliege.be\/fr\/wp-json\/wp\/v2\/media\/4017"}],"wp:attachment":[{"href":"https:\/\/fcliege.be\/fr\/wp-json\/wp\/v2\/media?parent=4013"}],"wp:term":[{"taxonomy":"category","embeddable":true,"href":"https:\/\/fcliege.be\/fr\/wp-json\/wp\/v2\/categories?post=4013"},{"taxonomy":"post_tag","embeddable":true,"href":"https:\/\/fcliege.be\/fr\/wp-json\/wp\/v2\/tags?post=4013"}],"curies":[{"name":"wp","href":"https:\/\/api.w.org\/{rel}","templated":true}]}}