{"id":4069,"date":"2015-02-20T09:24:00","date_gmt":"2015-02-20T08:24:00","guid":{"rendered":"http:\/\/fcliege.be\/fr\/?p=4069"},"modified":"2017-08-02T16:28:46","modified_gmt":"2017-08-02T15:28:46","slug":"moussa-diallo-dans-la-meuse","status":"publish","type":"post","link":"https:\/\/fcliege.be\/fr\/moussa-diallo-dans-la-meuse\/","title":{"rendered":"Moussa Diallo dans La Meuse"},"content":{"rendered":"<p>La rencontre de presse d&rsquo;avant match avec le journal La Meuse s&rsquo;est d\u00e9roul\u00e9e cette semaine au <strong>Fortin<\/strong>, grande brasserie (et salon de d\u00e9gustation de glaces en saison, ouverture le 20 mars), \u00e0 la sortie de l&rsquo;autoroute \u00e0 Barchon. <strong>Moussa Diallo<\/strong> y a dialogu\u00e9 avec Jean-Pierre Dessouroux sur sa carri\u00e8re, son arriv\u00e9e \u00e0 Li\u00e8ge et, \u00e9videmment, sur le match de ce dimanche contre le RFC Huy. A lire dans La Meuse de samedi.<\/p>\n<p>Moussa a appr\u00e9ci\u00e9 le vol au vent mais la carte est tr\u00e8s compl\u00e8te : salades, p\u00e2tes, grillades et plats traditionnels. Il y en a pour tous les go\u00fbts.<\/p>\n<p>Le Fortin est ouvert 7 jours sur 7, d\u00e8s 9h.<br \/>\nwww.lefortin.be<br \/>\n04\/387 50 69<\/p>\n<p><img decoding=\"async\" loading=\"lazy\" class=\"alignnone size-full wp-image-4073\" src=\"https:\/\/fcliege.be\/fr\/wp-content\/uploads\/2015\/02\/img03.jpg\" alt=\"img03\" width=\"650\" height=\"488\" srcset=\"https:\/\/fcliege.be\/fr\/wp-content\/uploads\/2015\/02\/img03.jpg 650w, https:\/\/fcliege.be\/fr\/wp-content\/uploads\/2015\/02\/img03-300x225.jpg 300w\" sizes=\"(max-width: 650px) 100vw, 650px\" \/><\/p>\n","protected":false},"excerpt":{"rendered":"<p>La rencontre de presse d&rsquo;avant match avec le journal La Meuse s&rsquo;est d\u00e9roul\u00e9e cette semaine au Fortin, grande brasserie (et salon de d\u00e9gustation de glaces en saison, ouverture le 20 mars), \u00e0 la sortie de l&rsquo;autoroute \u00e0 Barchon. Moussa Diallo y a dialogu\u00e9 avec Jean-Pierre Dessouroux sur sa carri\u00e8re, son arriv\u00e9e \u00e0 Li\u00e8ge et, \u00e9videmment, [&hellip;]<\/p>\n","protected":false},"author":4,"featured_media":0,"comment_status":"closed","ping_status":"closed","sticky":false,"template":"","format":"standard","meta":{"iawp_total_views":0},"categories":[49],"tags":[],"_links":{"self":[{"href":"https:\/\/fcliege.be\/fr\/wp-json\/wp\/v2\/posts\/4069"}],"collection":[{"href":"https:\/\/fcliege.be\/fr\/wp-json\/wp\/v2\/posts"}],"about":[{"href":"https:\/\/fcliege.be\/fr\/wp-json\/wp\/v2\/types\/post"}],"author":[{"embeddable":true,"href":"https:\/\/fcliege.be\/fr\/wp-json\/wp\/v2\/users\/4"}],"replies":[{"embeddable":true,"href":"https:\/\/fcliege.be\/fr\/wp-json\/wp\/v2\/comments?post=4069"}],"version-history":[{"count":3,"href":"https:\/\/fcliege.be\/fr\/wp-json\/wp\/v2\/posts\/4069\/revisions"}],"predecessor-version":[{"id":4074,"href":"https:\/\/fcliege.be\/fr\/wp-json\/wp\/v2\/posts\/4069\/revisions\/4074"}],"wp:attachment":[{"href":"https:\/\/fcliege.be\/fr\/wp-json\/wp\/v2\/media?parent=4069"}],"wp:term":[{"taxonomy":"category","embeddable":true,"href":"https:\/\/fcliege.be\/fr\/wp-json\/wp\/v2\/categories?post=4069"},{"taxonomy":"post_tag","embeddable":true,"href":"https:\/\/fcliege.be\/fr\/wp-json\/wp\/v2\/tags?post=4069"}],"curies":[{"name":"wp","href":"https:\/\/api.w.org\/{rel}","templated":true}]}}