{"id":4166,"date":"2015-03-13T16:31:29","date_gmt":"2015-03-13T15:31:29","guid":{"rendered":"http:\/\/fcliege.be\/fr\/?p=4166"},"modified":"2017-08-02T16:48:22","modified_gmt":"2017-08-02T15:48:22","slug":"la-meuse-au-plaza","status":"publish","type":"post","link":"https:\/\/fcliege.be\/fr\/la-meuse-au-plaza\/","title":{"rendered":"La Meuse au Plaza"},"content":{"rendered":"<p>La petite rencontre de presse avec le journal La Meuse du jeudi pr\u00e9c\u00e9dant les matches \u00e0 domicile s&rsquo;est d\u00e9roul\u00e9e en plein coeur de Li\u00e8ge, entre la gare des bus de la rue L\u00e9opold et l&rsquo;H\u00f4tel de Ville, sous l&rsquo;oeil int\u00e9ress\u00e9 de Georges Simenon&#8230; La brasserie Plaza, tenue par un \u00ab\u00a0enrag\u00e9\u00a0\u00bb rouge et bleu, Jean-Luc Collin et sa charmante compagne Michelle, ont accueilli chaleureusement Julien Meunier, qui a choisi une brochette de boeuf pour le d\u00e9jeuner. Le pav\u00e9 de boeuf et les scampis sont aussi excellents mais il ne faut pas manquer, para\u00eet-il, les boulets \u00e0 la Li\u00e9geoise, pr\u00e9par\u00e9s selon une vraie recette de grand&rsquo;m\u00e8re. Et puis, il y a toute la carte de brasserie, vari\u00e9e et all\u00e9chante ! Un rendez-vous en plein centre-ville, \u00e0 ne pas manquer&#8230; Et l&rsquo;interview de Julien est \u00e0 lire dans La Meuse de ce samedi !<\/p>\n<p>&nbsp;<\/p>\n","protected":false},"excerpt":{"rendered":"<p>La petite rencontre de presse avec le journal La Meuse du jeudi pr\u00e9c\u00e9dant les matches \u00e0 domicile s&rsquo;est d\u00e9roul\u00e9e en plein coeur de Li\u00e8ge, entre la gare des bus de la rue L\u00e9opold et l&rsquo;H\u00f4tel de Ville, sous l&rsquo;oeil int\u00e9ress\u00e9 de Georges Simenon&#8230; La brasserie Plaza, tenue par un \u00ab\u00a0enrag\u00e9\u00a0\u00bb rouge et bleu, Jean-Luc Collin [&hellip;]<\/p>\n","protected":false},"author":4,"featured_media":0,"comment_status":"closed","ping_status":"closed","sticky":false,"template":"","format":"standard","meta":{"iawp_total_views":1},"categories":[49],"tags":[],"_links":{"self":[{"href":"https:\/\/fcliege.be\/fr\/wp-json\/wp\/v2\/posts\/4166"}],"collection":[{"href":"https:\/\/fcliege.be\/fr\/wp-json\/wp\/v2\/posts"}],"about":[{"href":"https:\/\/fcliege.be\/fr\/wp-json\/wp\/v2\/types\/post"}],"author":[{"embeddable":true,"href":"https:\/\/fcliege.be\/fr\/wp-json\/wp\/v2\/users\/4"}],"replies":[{"embeddable":true,"href":"https:\/\/fcliege.be\/fr\/wp-json\/wp\/v2\/comments?post=4166"}],"version-history":[{"count":1,"href":"https:\/\/fcliege.be\/fr\/wp-json\/wp\/v2\/posts\/4166\/revisions"}],"predecessor-version":[{"id":4167,"href":"https:\/\/fcliege.be\/fr\/wp-json\/wp\/v2\/posts\/4166\/revisions\/4167"}],"wp:attachment":[{"href":"https:\/\/fcliege.be\/fr\/wp-json\/wp\/v2\/media?parent=4166"}],"wp:term":[{"taxonomy":"category","embeddable":true,"href":"https:\/\/fcliege.be\/fr\/wp-json\/wp\/v2\/categories?post=4166"},{"taxonomy":"post_tag","embeddable":true,"href":"https:\/\/fcliege.be\/fr\/wp-json\/wp\/v2\/tags?post=4166"}],"curies":[{"name":"wp","href":"https:\/\/api.w.org\/{rel}","templated":true}]}}