{"id":4232,"date":"2015-03-19T12:59:38","date_gmt":"2015-03-19T11:59:38","guid":{"rendered":"http:\/\/fcliege.be\/fr\/?p=4232"},"modified":"2017-08-02T16:45:22","modified_gmt":"2017-08-02T15:45:22","slug":"les-u17-en-14-de-finale-de-la-coupe-de-belgique","status":"publish","type":"post","link":"https:\/\/fcliege.be\/fr\/les-u17-en-14-de-finale-de-la-coupe-de-belgique\/","title":{"rendered":"Les U17 en 1\/4 de finale de la Coupe de Belgique"},"content":{"rendered":"<p>Exploit de nos U17 ce 18 mars : \u00e0 Longchamps, ils ont \u00e9limin\u00e9 le Stade Brainois en 1\/8\u00e8me de finale de la Coupe de Belgique, score 1-1 et 3-0 aux tirs au but. Une qualification de haute lutte ! Ils rencontreront Menin en 1\/4 de finale. Bravo, les p&rsquo;tits gars !<\/p>\n","protected":false},"excerpt":{"rendered":"<p>Exploit de nos U17 ce 18 mars : \u00e0 Longchamps, ils ont \u00e9limin\u00e9 le Stade Brainois en 1\/8\u00e8me de finale de la Coupe de Belgique, score 1-1 et 3-0 aux tirs au but. Une qualification de haute lutte ! Ils rencontreront Menin en 1\/4 de finale. Bravo, les p&rsquo;tits gars !<\/p>\n","protected":false},"author":4,"featured_media":0,"comment_status":"closed","ping_status":"closed","sticky":false,"template":"","format":"standard","meta":{"iawp_total_views":0},"categories":[49],"tags":[],"_links":{"self":[{"href":"https:\/\/fcliege.be\/fr\/wp-json\/wp\/v2\/posts\/4232"}],"collection":[{"href":"https:\/\/fcliege.be\/fr\/wp-json\/wp\/v2\/posts"}],"about":[{"href":"https:\/\/fcliege.be\/fr\/wp-json\/wp\/v2\/types\/post"}],"author":[{"embeddable":true,"href":"https:\/\/fcliege.be\/fr\/wp-json\/wp\/v2\/users\/4"}],"replies":[{"embeddable":true,"href":"https:\/\/fcliege.be\/fr\/wp-json\/wp\/v2\/comments?post=4232"}],"version-history":[{"count":3,"href":"https:\/\/fcliege.be\/fr\/wp-json\/wp\/v2\/posts\/4232\/revisions"}],"predecessor-version":[{"id":4237,"href":"https:\/\/fcliege.be\/fr\/wp-json\/wp\/v2\/posts\/4232\/revisions\/4237"}],"wp:attachment":[{"href":"https:\/\/fcliege.be\/fr\/wp-json\/wp\/v2\/media?parent=4232"}],"wp:term":[{"taxonomy":"category","embeddable":true,"href":"https:\/\/fcliege.be\/fr\/wp-json\/wp\/v2\/categories?post=4232"},{"taxonomy":"post_tag","embeddable":true,"href":"https:\/\/fcliege.be\/fr\/wp-json\/wp\/v2\/tags?post=4232"}],"curies":[{"name":"wp","href":"https:\/\/api.w.org\/{rel}","templated":true}]}}