{"id":4263,"date":"2015-03-23T13:47:25","date_gmt":"2015-03-23T12:47:25","guid":{"rendered":"http:\/\/fcliege.be\/fr\/?p=4263"},"modified":"2017-08-02T17:11:03","modified_gmt":"2017-08-02T16:11:03","slug":"adieu-jacky","status":"publish","type":"post","link":"https:\/\/fcliege.be\/fr\/adieu-jacky\/","title":{"rendered":"Adieu, Jacky !"},"content":{"rendered":"<p>C&rsquo;est une bien triste nouvelle qui est tomb\u00e9e ce matin. Jacky Valentin est d\u00e9c\u00e9d\u00e9 \u00e0 l&rsquo;\u00e2ge de 63 ans, \u00e0 la suite d&rsquo;une longue maladie qui ne l&rsquo;a pas emp\u00each\u00e9 d&rsquo;assister, encore tout r\u00e9cemment, aux rencontres du RFCL \u00e0 domicile. C&rsquo;\u00e9tait un fan dans l&rsquo;\u00e2me, comme son fr\u00e8re Pierre Theunis, du Royal Football Club Li\u00e9geois. Rocker de talent, il avait enregistr\u00e9 80 chansons et particip\u00e9 \u00e0 de nombreux concerts. Pour les sang et marine, il \u00e9tait avant tout l&rsquo;auteur de l&rsquo;hymne du club, \u00ab\u00a0Les p&rsquo;tits gars de Rocourt\u00a0\u00bb, qui accompagne l&rsquo;entr\u00e9e des joueurs sur le terrain. Il sera donc toujours parmi nous !<\/p>\n<p>Le RFC Li\u00e8ge partage la peine de sa famille et de ses proches. C&rsquo;est notamment pour lui que les joueurs se battront dimanche prochain !<\/p>\n<p>&nbsp;<\/p>\n<p>&nbsp;<\/p>\n","protected":false},"excerpt":{"rendered":"<p>C&rsquo;est une bien triste nouvelle qui est tomb\u00e9e ce matin. Jacky Valentin est d\u00e9c\u00e9d\u00e9 \u00e0 l&rsquo;\u00e2ge de 63 ans, \u00e0 la suite d&rsquo;une longue maladie qui ne l&rsquo;a pas emp\u00each\u00e9 d&rsquo;assister, encore tout r\u00e9cemment, aux rencontres du RFCL \u00e0 domicile. C&rsquo;\u00e9tait un fan dans l&rsquo;\u00e2me, comme son fr\u00e8re Pierre Theunis, du Royal Football Club Li\u00e9geois. [&hellip;]<\/p>\n","protected":false},"author":4,"featured_media":0,"comment_status":"closed","ping_status":"closed","sticky":false,"template":"","format":"standard","meta":{"iawp_total_views":11},"categories":[49],"tags":[],"_links":{"self":[{"href":"https:\/\/fcliege.be\/fr\/wp-json\/wp\/v2\/posts\/4263"}],"collection":[{"href":"https:\/\/fcliege.be\/fr\/wp-json\/wp\/v2\/posts"}],"about":[{"href":"https:\/\/fcliege.be\/fr\/wp-json\/wp\/v2\/types\/post"}],"author":[{"embeddable":true,"href":"https:\/\/fcliege.be\/fr\/wp-json\/wp\/v2\/users\/4"}],"replies":[{"embeddable":true,"href":"https:\/\/fcliege.be\/fr\/wp-json\/wp\/v2\/comments?post=4263"}],"version-history":[{"count":1,"href":"https:\/\/fcliege.be\/fr\/wp-json\/wp\/v2\/posts\/4263\/revisions"}],"predecessor-version":[{"id":4264,"href":"https:\/\/fcliege.be\/fr\/wp-json\/wp\/v2\/posts\/4263\/revisions\/4264"}],"wp:attachment":[{"href":"https:\/\/fcliege.be\/fr\/wp-json\/wp\/v2\/media?parent=4263"}],"wp:term":[{"taxonomy":"category","embeddable":true,"href":"https:\/\/fcliege.be\/fr\/wp-json\/wp\/v2\/categories?post=4263"},{"taxonomy":"post_tag","embeddable":true,"href":"https:\/\/fcliege.be\/fr\/wp-json\/wp\/v2\/tags?post=4263"}],"curies":[{"name":"wp","href":"https:\/\/api.w.org\/{rel}","templated":true}]}}