{"id":6268,"date":"2016-03-04T11:47:37","date_gmt":"2016-03-04T10:47:37","guid":{"rendered":"http:\/\/fcliege.be\/fr\/?p=6268"},"modified":"2016-03-04T11:47:37","modified_gmt":"2016-03-04T10:47:37","slug":"edj-programme-du-5-903","status":"publish","type":"post","link":"https:\/\/fcliege.be\/fr\/edj-programme-du-5-903\/","title":{"rendered":"EDJ: Programme du 5-9\/03"},"content":{"rendered":"<p><strong>Attention: <\/strong>une remise g\u00e9n\u00e9rale a \u00e9t\u00e9 annonc\u00e9e par la Comit\u00e9 Provincial concernant les rencontres de jeunes de ce week-end. Les matchs des Interprovinciaux et les matchs amicaux autoris\u00e9s ne sont pas concern\u00e9s par cette d\u00e9cision.<\/p>\n<p>&nbsp;<\/p>\n<p>RENCONTRE\u00a0CHAMPIONNATS\u00a0&#8211; DOMICILE<\/p>\n<table>\n<tbody>\n<tr>\n<td width=\"62\">Dates<\/td>\n<td width=\"170\">Rencontre<\/td>\n<td width=\"55\">Heure<\/td>\n<\/tr>\n<tr>\n<td width=\"62\">05\/03\/16<\/td>\n<td width=\"170\">U13 (s\u00e9rie A) \u2013 Huy<\/td>\n<td width=\"55\">9h30<\/td>\n<\/tr>\n<tr>\n<td width=\"62\">05\/03\/16<\/td>\n<td width=\"170\">U13 (s\u00e9rie K) \u2013 Horion<\/td>\n<td width=\"55\">9h30<\/td>\n<\/tr>\n<tr>\n<td width=\"62\">05\/03\/16<\/td>\n<td width=\"170\">U8 (s\u00e9rie A) \u2013 Sprimont<\/td>\n<td width=\"55\">11h00<\/td>\n<\/tr>\n<tr>\n<td width=\"62\">05\/03\/16<\/td>\n<td width=\"170\">U8 (s\u00e9rie K) \u2013 Herstal<\/td>\n<td width=\"55\">11h00<\/td>\n<\/tr>\n<tr>\n<td width=\"62\">05\/03\/16<\/td>\n<td width=\"170\">U9 (s\u00e9rie M) \u2013 Trooz<\/td>\n<td width=\"55\">11h00<\/td>\n<\/tr>\n<tr>\n<td width=\"62\">05\/03\/16<\/td>\n<td width=\"170\">U9 (s\u00e9rie A) \u2013 Gr\u00e2ce Hollogne<\/td>\n<td width=\"55\">11h00<\/td>\n<\/tr>\n<tr>\n<td width=\"62\">05\/03\/16<\/td>\n<td width=\"170\">U11 (s\u00e9rie A) \u2013 Huy<\/td>\n<td width=\"55\">11h00<\/td>\n<\/tr>\n<tr>\n<td width=\"62\">05\/03\/16<\/td>\n<td width=\"170\">U12 interp \u2013 Franchimont<\/td>\n<td width=\"55\">11h00<\/td>\n<\/tr>\n<tr>\n<td width=\"62\">05\/03\/16<\/td>\n<td width=\"170\">U13 interp \u2013 Franchimont<\/td>\n<td width=\"55\">11h00<\/td>\n<\/tr>\n<tr>\n<td width=\"62\">05\/03\/16<\/td>\n<td width=\"170\">U7 (s\u00e9rie J) \u2013 Gr\u00e2ce Hollogne<\/td>\n<td width=\"55\">12h30<\/td>\n<\/tr>\n<tr>\n<td width=\"62\">05\/03\/16<\/td>\n<td width=\"170\">U7 (s\u00e9rie A) \u2013 Bas Oha<\/td>\n<td width=\"55\">12h30<\/td>\n<\/tr>\n<tr>\n<td width=\"62\">05\/03\/16<\/td>\n<td width=\"170\">U16 interp \u2013 Tilleur<\/td>\n<td width=\"55\">13h00<\/td>\n<\/tr>\n<tr>\n<td width=\"62\">05\/03\/16<\/td>\n<td width=\"170\">U10 (s\u00e9rie A) \u2013 Bas Oha<\/td>\n<td width=\"55\">14h00<\/td>\n<\/tr>\n<tr>\n<td width=\"62\">05\/03\/16<\/td>\n<td width=\"170\">U11 (s\u00e9rie L) \u2013 U11<\/td>\n<td width=\"55\">14h00<\/td>\n<\/tr>\n<tr>\n<td width=\"62\">05\/03\/16<\/td>\n<td width=\"170\">U17 interp \u2013 Blegny<\/td>\n<td width=\"55\">15h00<\/td>\n<\/tr>\n<tr>\n<td width=\"62\">05\/03\/16<\/td>\n<td width=\"170\">U19 interp \u2013 Blegny<\/td>\n<td width=\"55\">15h00<\/td>\n<\/tr>\n<tr>\n<td width=\"62\">06\/03\/16<\/td>\n<td width=\"170\">U16 prov \u2013 Battice<\/td>\n<td width=\"55\">9h30<\/td>\n<\/tr>\n<tr>\n<td width=\"62\">06\/03\/16<\/td>\n<td width=\"170\">U14 r\u00e9g sup B \u2013 Fl\u00e9malle<\/td>\n<td width=\"55\">9h45<\/td>\n<\/tr>\n<\/tbody>\n<\/table>\n<p><strong>\u00a0<\/strong><\/p>\n<p>RENCONTRES\u00a0CHAMPIONNATS\u00a0&#8211; DEPLACEMENT<\/p>\n<p>&nbsp;<\/p>\n<table>\n<tbody>\n<tr>\n<td width=\"91\">Date<\/td>\n<td width=\"91\">Rencontre<\/td>\n<td width=\"91\">Heure match<\/td>\n<td width=\"113\">Adresse<\/td>\n<\/tr>\n<tr>\n<td width=\"91\">05\/03\/16<\/td>\n<td width=\"91\">Huy \u2013 U9<\/p>\n<p>(s\u00e9rie V)<\/td>\n<td width=\"91\">9h45<\/td>\n<td width=\"113\">Rue Albert Legrand \u00e0<\/p>\n<p>4500 Tihange<\/td>\n<\/tr>\n<tr>\n<td width=\"91\">05\/03\/16<\/td>\n<td width=\"91\">Franchimont \u2013U10 interp<\/td>\n<td width=\"91\">10h00<\/td>\n<td width=\"113\">Avenue du Stade \u00e0<\/p>\n<p>4910 Theux<\/td>\n<\/tr>\n<tr>\n<td width=\"91\">05\/03\/16<\/td>\n<td width=\"91\">Franchimont \u2013 U11 interp<\/td>\n<td width=\"91\">10h00<\/td>\n<td width=\"113\">Avenue du Stade \u00e0<\/p>\n<p>4910 Theux<\/td>\n<\/tr>\n<tr>\n<td width=\"91\">05\/03\/16<\/td>\n<td width=\"91\">Fl\u00e9ron \u2013 U9 (s\u00e9rie U)<\/td>\n<td width=\"91\">11h00<\/td>\n<td width=\"113\">Avenue de l\u2019Espace sport 1 \u00e0 4620 Fl\u00e9ron<\/td>\n<\/tr>\n<tr>\n<td width=\"91\">05\/03\/16<\/td>\n<td width=\"91\">Pontisse \u2013 U8 (s\u00e9rie T)<\/td>\n<td width=\"91\">11h00<\/td>\n<td width=\"113\">Rue Ancienne Bure \u00e0 4040 Herstal<\/td>\n<\/tr>\n<tr>\n<td width=\"91\">05\/03\/16<\/td>\n<td width=\"91\">Houtain \u2013 U9 (s\u00e9rie O)<\/td>\n<td width=\"91\">12h30<\/td>\n<td width=\"113\">Rue de Wonck \u00e0<\/p>\n<p>4682 Houtain-st-Simeon<\/td>\n<\/tr>\n<tr>\n<td width=\"91\">05\/03\/16<\/td>\n<td width=\"91\">Gr\u00e2ce Hollogne \u2013 U10 (s\u00e9rie P)<\/td>\n<td width=\"91\">12h30<\/td>\n<td width=\"113\">Rue Paul Janson \u00e0 4460 Gr\u00e2ce Hollogne<\/td>\n<\/tr>\n<tr>\n<td width=\"91\">05\/03\/16<\/td>\n<td width=\"91\">Pontisse \u2013 U12 (s\u00e9rie L)<\/td>\n<td width=\"91\">12h30<\/td>\n<td width=\"113\">Rue Ancienne Bure \u00e0 4040 Herstal<\/td>\n<\/tr>\n<tr>\n<td width=\"91\">05\/03\/16<\/td>\n<td width=\"91\">Arquet \u2013 U14interp<\/td>\n<td width=\"91\">12h30<\/td>\n<td width=\"113\">Fond de Bouge \u00e0<\/p>\n<p>5020 Vedrin<\/td>\n<\/tr>\n<tr>\n<td width=\"91\">05\/03\/16<\/td>\n<td width=\"91\">Arquet \u2013 U15 interp<\/td>\n<td width=\"91\">12h30<\/td>\n<td width=\"113\">Fond de Bouge \u00e0<\/p>\n<p>5020 Vedrin<\/td>\n<\/tr>\n<tr>\n<td width=\"91\">05\/03\/16<\/td>\n<td width=\"91\">Huy \u2013 U12 (s\u00e9rie A)<\/td>\n<td width=\"91\">12h30<\/td>\n<td width=\"113\">Rue Albert Legrand \u00e0<\/p>\n<p>4500 Tihange<\/td>\n<\/tr>\n<tr>\n<td width=\"91\">05\/03\/16<\/td>\n<td width=\"91\">Templiers \u2013 U8 (s\u00e9rie L)<\/td>\n<td width=\"91\">12h30<\/td>\n<td width=\"113\">Rue du Pery \u00e0<\/p>\n<p>4550 Yernee-Fraineux<\/td>\n<\/tr>\n<tr>\n<td width=\"91\">05\/03\/16<\/td>\n<td width=\"91\">Grivegn\u00e9e \u2013 U7 (s\u00e9rie R)<\/td>\n<td width=\"91\">12h30<\/td>\n<td width=\"113\">Rue Nicolas Spiroux 75 \u00e0 4030 Grivegn\u00e9e<\/td>\n<\/tr>\n<tr>\n<td width=\"91\">06\/03\/16<\/td>\n<td width=\"91\">Aubel \u2013 U15prov<\/td>\n<td width=\"91\">11h15<\/td>\n<td width=\"113\">Aubel centre \u00e0<\/p>\n<p>4880 Aubel<\/td>\n<\/tr>\n<tr>\n<td width=\"91\">06\/03\/16<\/td>\n<td width=\"91\">Cointe \u2013 P3<\/td>\n<td width=\"91\">15h00<\/td>\n<td width=\"113\">Rue du Chera 79B \u00e0<\/p>\n<p>4000 Li\u00e8ge<\/td>\n<\/tr>\n<tr>\n<td width=\"91\">09\/03\/16<\/td>\n<td width=\"91\">Rhodienne \u2013 U13 (coupe)<\/td>\n<td width=\"91\">18h30<\/td>\n<td width=\"113\">Wauterbos \u00e0<\/p>\n<p>1640 St-Genesius-Rode<\/td>\n<\/tr>\n<\/tbody>\n<\/table>\n","protected":false},"excerpt":{"rendered":"<p>Attention: une remise g\u00e9n\u00e9rale a \u00e9t\u00e9 annonc\u00e9e par la Comit\u00e9 Provincial concernant les rencontres de jeunes de ce week-end. Les matchs des Interprovinciaux et les matchs amicaux autoris\u00e9s ne sont pas concern\u00e9s par cette d\u00e9cision. &nbsp; RENCONTRE\u00a0CHAMPIONNATS\u00a0&#8211; DOMICILE Dates Rencontre Heure 05\/03\/16 U13 (s\u00e9rie A) \u2013 Huy 9h30 05\/03\/16 U13 (s\u00e9rie K) \u2013 Horion 9h30 [&hellip;]<\/p>\n","protected":false},"author":8,"featured_media":5483,"comment_status":"closed","ping_status":"closed","sticky":false,"template":"","format":"standard","meta":{"iawp_total_views":1},"categories":[23],"tags":[],"_links":{"self":[{"href":"https:\/\/fcliege.be\/fr\/wp-json\/wp\/v2\/posts\/6268"}],"collection":[{"href":"https:\/\/fcliege.be\/fr\/wp-json\/wp\/v2\/posts"}],"about":[{"href":"https:\/\/fcliege.be\/fr\/wp-json\/wp\/v2\/types\/post"}],"author":[{"embeddable":true,"href":"https:\/\/fcliege.be\/fr\/wp-json\/wp\/v2\/users\/8"}],"replies":[{"embeddable":true,"href":"https:\/\/fcliege.be\/fr\/wp-json\/wp\/v2\/comments?post=6268"}],"version-history":[{"count":1,"href":"https:\/\/fcliege.be\/fr\/wp-json\/wp\/v2\/posts\/6268\/revisions"}],"predecessor-version":[{"id":6269,"href":"https:\/\/fcliege.be\/fr\/wp-json\/wp\/v2\/posts\/6268\/revisions\/6269"}],"wp:featuredmedia":[{"embeddable":true,"href":"https:\/\/fcliege.be\/fr\/wp-json\/wp\/v2\/media\/5483"}],"wp:attachment":[{"href":"https:\/\/fcliege.be\/fr\/wp-json\/wp\/v2\/media?parent=6268"}],"wp:term":[{"taxonomy":"category","embeddable":true,"href":"https:\/\/fcliege.be\/fr\/wp-json\/wp\/v2\/categories?post=6268"},{"taxonomy":"post_tag","embeddable":true,"href":"https:\/\/fcliege.be\/fr\/wp-json\/wp\/v2\/tags?post=6268"}],"curies":[{"name":"wp","href":"https:\/\/api.w.org\/{rel}","templated":true}]}}