{"id":63,"date":"2013-08-25T11:18:34","date_gmt":"2013-08-25T10:18:34","guid":{"rendered":"http:\/\/fcliege.be\/fr\/?p=63"},"modified":"2017-08-02T16:24:39","modified_gmt":"2017-08-02T15:24:39","slug":"un-stade-dans-les-cinq-ans-rue-de-la-tonne","status":"publish","type":"post","link":"https:\/\/fcliege.be\/fr\/un-stade-dans-les-cinq-ans-rue-de-la-tonne\/","title":{"rendered":"Un stade dans les cinq ans, rue de la Tonne"},"content":{"rendered":"<p>Importante conf\u00e9rence de presse ce jeudi matin \u00e0 la Halle aux viandes \u00e0 Li\u00e8ge. Le bourgmestre, Willy Demeyer, y a annonc\u00e9 que le futur stade du RFC Li\u00e8ge sera implant\u00e9 sur le site de la rue de la Tonne qui, avec les installations de l&rsquo;EDJ, deviendra le v\u00e9ritable coeur du club. Et il battera \u00e0 Rocourt ! La Ville, qui est sur le point d&rsquo;acqu\u00e9rir l&rsquo;ancienne caserne pour 4,5 millions \u20ac, c\u00e8dera la moiti\u00e9 des terrains au club par bail emphyth\u00e9otique.<\/p>\n<p>D&rsquo;ici 2015, quatre terrains synth\u00e9tiques (deux grands, un moyen et un plus petit) seront am\u00e9nag\u00e9s pour l&rsquo;Ecole des Jeunes. Le club, qui financera lui-m\u00eame\u00a0l&rsquo;am\u00e9nagement d&rsquo;une caf\u00e9t\u00e9ria, pourra aussi disposer du hall omnisports qui existe d\u00e9j\u00e0 \u00e0 l&rsquo;heure actuelle.<\/p>\n<p>Dans un deuxi\u00e8me temps, le club\u00a0prendra en charge, avec des fonds priv\u00e9s,\u00a0la construction d&rsquo;un stade moderne\u00a0de 8 \u00e0 10.000 places qui devrait \u00eatre termin\u00e9 et fonctionnel au plus tard en 2018.<\/p>\n<p>Tant pour les terrains des jeunes que pour le stade, le Minist\u00e8re Wallon des Sports subsidiera une partie des travaux. Pour l&rsquo;EDJ, le co\u00fbt\u00a0est \u00e9valu\u00e9 \u00e0 1,8 million \u20ac. (1,3 \u00e0 charge de la R\u00e9gion et un demi-million\u00a0pour la Ville). Pour le stade, le budget exact n&rsquo;est pas encore connu mais devrait se situer aux environs de 8 millions \u20ac.<\/p>\n<p>Pour le pr\u00e9sident Jean-Paul Lacomble\u00a0<em>\u00ab\u00a0c&rsquo;est une plaie b\u00e9ante, physique et psychologique, qui se referme enfin, apr\u00e8s pr\u00e8s de vingt ans\u00a0\u00bb.<\/em><\/p>\n<p>Interviews du Pr\u00e9sident et des Echevins des finances et des travaux de la Ville de Li\u00e8ge.<\/p>\n<div class=\"embed\"><div class=\"video\"><iframe width=\"560\" height=\"315\" src=\"http:\/\/www.youtube.com\/embed\/T3ow248_PG8\" frameborder=\"0\" allowfullscreen><\/iframe><\/div><\/div>\n","protected":false},"excerpt":{"rendered":"<p>Importante conf\u00e9rence de presse ce jeudi matin \u00e0 la Halle aux viandes \u00e0 Li\u00e8ge. Le bourgmestre, Willy Demeyer, y a annonc\u00e9 que le futur stade du RFC Li\u00e8ge sera implant\u00e9 sur le site de la rue de la Tonne qui, avec les installations de l&rsquo;EDJ, deviendra le v\u00e9ritable coeur du club. Et il battera \u00e0 [&hellip;]<\/p>\n","protected":false},"author":1,"featured_media":0,"comment_status":"open","ping_status":"open","sticky":false,"template":"","format":"video","meta":{"iawp_total_views":21},"categories":[49],"tags":[],"_links":{"self":[{"href":"https:\/\/fcliege.be\/fr\/wp-json\/wp\/v2\/posts\/63"}],"collection":[{"href":"https:\/\/fcliege.be\/fr\/wp-json\/wp\/v2\/posts"}],"about":[{"href":"https:\/\/fcliege.be\/fr\/wp-json\/wp\/v2\/types\/post"}],"author":[{"embeddable":true,"href":"https:\/\/fcliege.be\/fr\/wp-json\/wp\/v2\/users\/1"}],"replies":[{"embeddable":true,"href":"https:\/\/fcliege.be\/fr\/wp-json\/wp\/v2\/comments?post=63"}],"version-history":[{"count":2,"href":"https:\/\/fcliege.be\/fr\/wp-json\/wp\/v2\/posts\/63\/revisions"}],"predecessor-version":[{"id":978,"href":"https:\/\/fcliege.be\/fr\/wp-json\/wp\/v2\/posts\/63\/revisions\/978"}],"wp:attachment":[{"href":"https:\/\/fcliege.be\/fr\/wp-json\/wp\/v2\/media?parent=63"}],"wp:term":[{"taxonomy":"category","embeddable":true,"href":"https:\/\/fcliege.be\/fr\/wp-json\/wp\/v2\/categories?post=63"},{"taxonomy":"post_tag","embeddable":true,"href":"https:\/\/fcliege.be\/fr\/wp-json\/wp\/v2\/tags?post=63"}],"curies":[{"name":"wp","href":"https:\/\/api.w.org\/{rel}","templated":true}]}}