{"id":6684,"date":"2016-04-10T18:32:46","date_gmt":"2016-04-10T17:32:46","guid":{"rendered":"http:\/\/fcliege.be\/fr\/?p=6684"},"modified":"2016-04-11T10:46:47","modified_gmt":"2016-04-11T09:46:47","slug":"nom-de-d-la-calamine-rfcl-2-0","status":"publish","type":"post","link":"https:\/\/fcliege.be\/fr\/nom-de-d-la-calamine-rfcl-2-0\/","title":{"rendered":"La Calamine &#8211; RFC Li\u00e8ge  2-0"},"content":{"rendered":"<p>Cette \u00e9quipe nous rendra fous ! Encore une fois, elle s&rsquo;est montr\u00e9e m\u00e9connaissable par rapport au match pr\u00e9c\u00e9dent. Que peut-on esp\u00e9rer quand sur deux matches contre le 15\u00e8me on prend un 0-6 bien tass\u00e9 ! Et comme disait tr\u00e8s justement un supporter, le RFCL est \u00e0 sa place au milieu du classement puisqu&rsquo;on joue un match sur deux&#8230;<\/p>\n<p>L&rsquo;arbitre ? Il a transform\u00e9 un match correct en un match pourri mais il n&rsquo;est pas la cause de la d\u00e9faite m\u00eame si il a siffl\u00e9 un p\u00e9nalty tr\u00e8s l\u00e9ger. La vraie cause, c&rsquo;est un manque de rythme et d&rsquo;engagement surprenant alors que le tour final nous tend les bras. Incompr\u00e9hensible !<\/p>\n<p>Apr\u00e8s un d\u00e9but de match partag\u00e9, La Calamine a pris peu \u00e0 peu l&rsquo;ascendant pour ouvrir le score sur un but, une nouvelle fois, \u00e9vitable \u00e0 la 29&prime; (1-0). Li\u00e8ge aurait d\u00fb \u00e9galiser \u00e0 la 43&prime; sur un centre de Guillaume mais Lorenzon pla\u00e7ait sa t\u00eate \u00e0 c\u00f4t\u00e9.<\/p>\n<p>D\u00e8s la reprise, La Calamine \u00e9tait pr\u00e8s de doubler l&rsquo;\u00e9cart : tir sur le poteau et reprise dans le but mais position de hors-jeu. Le RFCL prenait alors le match en main mais sans grand danger, sauf sur un beau tir de Kabeya sur le poteau (67&prime;) et une belle occasion manqu\u00e9e par Guillaume (73&prime;). A la 83&prime;, c&rsquo;\u00e9tait le coup de gr\u00e2ce : l&rsquo;arbitre, tr\u00e8s soucieux d&rsquo;\u00eatre remarqu\u00e9, sifflait une faute (?) de Winandts et sur le p\u00e9nalty, La Calamine faisait 2-0.<\/p>\n<p>Dengis, Henke, Winandts, Vandebon, D&rsquo;Ostilio, Teruel (58&prime; Fondaire), Legros, Guillaume, Meunier, Dheur, Lorenzon (58&prime; Kabeya)<\/p>\n<p>Cartes jaunes : Teruel, Meunier, Dheur et Winandts<\/p>\n<p>Les buts:<\/p>\n<div class=\"embed\"><div class=\"video\"><iframe width=\"560\" height=\"315\" src=\"http:\/\/www.youtube.com\/embed\/lPjwX-WLbtU\" frameborder=\"0\" allowfullscreen><\/iframe><\/div><\/div>\n<p>&nbsp;<\/p>\n<p>&nbsp;<\/p>\n","protected":false},"excerpt":{"rendered":"<p>Cette \u00e9quipe nous rendra fous ! Encore une fois, elle s&rsquo;est montr\u00e9e m\u00e9connaissable par rapport au match pr\u00e9c\u00e9dent. Que peut-on esp\u00e9rer quand sur deux matches contre le 15\u00e8me on prend un 0-6 bien tass\u00e9 ! Et comme disait tr\u00e8s justement un supporter, le RFCL est \u00e0 sa place au milieu du classement puisqu&rsquo;on joue un [&hellip;]<\/p>\n","protected":false},"author":4,"featured_media":6691,"comment_status":"closed","ping_status":"closed","sticky":false,"template":"","format":"standard","meta":{"iawp_total_views":1},"categories":[24,26],"tags":[],"_links":{"self":[{"href":"https:\/\/fcliege.be\/fr\/wp-json\/wp\/v2\/posts\/6684"}],"collection":[{"href":"https:\/\/fcliege.be\/fr\/wp-json\/wp\/v2\/posts"}],"about":[{"href":"https:\/\/fcliege.be\/fr\/wp-json\/wp\/v2\/types\/post"}],"author":[{"embeddable":true,"href":"https:\/\/fcliege.be\/fr\/wp-json\/wp\/v2\/users\/4"}],"replies":[{"embeddable":true,"href":"https:\/\/fcliege.be\/fr\/wp-json\/wp\/v2\/comments?post=6684"}],"version-history":[{"count":3,"href":"https:\/\/fcliege.be\/fr\/wp-json\/wp\/v2\/posts\/6684\/revisions"}],"predecessor-version":[{"id":6687,"href":"https:\/\/fcliege.be\/fr\/wp-json\/wp\/v2\/posts\/6684\/revisions\/6687"}],"wp:featuredmedia":[{"embeddable":true,"href":"https:\/\/fcliege.be\/fr\/wp-json\/wp\/v2\/media\/6691"}],"wp:attachment":[{"href":"https:\/\/fcliege.be\/fr\/wp-json\/wp\/v2\/media?parent=6684"}],"wp:term":[{"taxonomy":"category","embeddable":true,"href":"https:\/\/fcliege.be\/fr\/wp-json\/wp\/v2\/categories?post=6684"},{"taxonomy":"post_tag","embeddable":true,"href":"https:\/\/fcliege.be\/fr\/wp-json\/wp\/v2\/tags?post=6684"}],"curies":[{"name":"wp","href":"https:\/\/api.w.org\/{rel}","templated":true}]}}