{"id":6728,"date":"2016-04-14T08:34:09","date_gmt":"2016-04-14T07:34:09","guid":{"rendered":"http:\/\/fcliege.be\/fr\/?p=6728"},"modified":"2016-04-14T08:34:09","modified_gmt":"2016-04-14T07:34:09","slug":"sergio-teruel-suspendu-pour-un-match","status":"publish","type":"post","link":"https:\/\/fcliege.be\/fr\/sergio-teruel-suspendu-pour-un-match\/","title":{"rendered":"Sergio Teruel suspendu pour un match"},"content":{"rendered":"<p>La comit\u00e9 d&rsquo;appel a r\u00e9duit la suspension de Sergio Teruel, exclu \u00e0 Berchem, de trois \u00e0 une rencontre, plus une avec sursis. Sergio sera absent ce dimanche contre Grimbergen pour sa carte jaune re\u00e7ue \u00e0 La Calamine, pourra jouer contre Zaventem, le mercredi 20, et sera suspendu \u00e0 Hoogstraeten, le 24.<\/p>\n","protected":false},"excerpt":{"rendered":"<p>La comit\u00e9 d&rsquo;appel a r\u00e9duit la suspension de Sergio Teruel, exclu \u00e0 Berchem, de trois \u00e0 une rencontre, plus une avec sursis. Sergio sera absent ce dimanche contre Grimbergen pour sa carte jaune re\u00e7ue \u00e0 La Calamine, pourra jouer contre Zaventem, le mercredi 20, et sera suspendu \u00e0 Hoogstraeten, le 24.<\/p>\n","protected":false},"author":4,"featured_media":0,"comment_status":"closed","ping_status":"closed","sticky":false,"template":"","format":"standard","meta":{"iawp_total_views":3},"categories":[24,26],"tags":[],"_links":{"self":[{"href":"https:\/\/fcliege.be\/fr\/wp-json\/wp\/v2\/posts\/6728"}],"collection":[{"href":"https:\/\/fcliege.be\/fr\/wp-json\/wp\/v2\/posts"}],"about":[{"href":"https:\/\/fcliege.be\/fr\/wp-json\/wp\/v2\/types\/post"}],"author":[{"embeddable":true,"href":"https:\/\/fcliege.be\/fr\/wp-json\/wp\/v2\/users\/4"}],"replies":[{"embeddable":true,"href":"https:\/\/fcliege.be\/fr\/wp-json\/wp\/v2\/comments?post=6728"}],"version-history":[{"count":2,"href":"https:\/\/fcliege.be\/fr\/wp-json\/wp\/v2\/posts\/6728\/revisions"}],"predecessor-version":[{"id":6754,"href":"https:\/\/fcliege.be\/fr\/wp-json\/wp\/v2\/posts\/6728\/revisions\/6754"}],"wp:attachment":[{"href":"https:\/\/fcliege.be\/fr\/wp-json\/wp\/v2\/media?parent=6728"}],"wp:term":[{"taxonomy":"category","embeddable":true,"href":"https:\/\/fcliege.be\/fr\/wp-json\/wp\/v2\/categories?post=6728"},{"taxonomy":"post_tag","embeddable":true,"href":"https:\/\/fcliege.be\/fr\/wp-json\/wp\/v2\/tags?post=6728"}],"curies":[{"name":"wp","href":"https:\/\/api.w.org\/{rel}","templated":true}]}}