{"id":6960,"date":"2016-05-06T11:38:41","date_gmt":"2016-05-06T10:38:41","guid":{"rendered":"http:\/\/fcliege.be\/fr\/?p=6960"},"modified":"2016-05-06T11:38:41","modified_gmt":"2016-05-06T10:38:41","slug":"les-u13-en-finale-de-la-coupe-de-belgique","status":"publish","type":"post","link":"https:\/\/fcliege.be\/fr\/les-u13-en-finale-de-la-coupe-de-belgique\/","title":{"rendered":"Les U13 en finale de la Coupe de Belgique"},"content":{"rendered":"<p>Les U13 disputeront, ce samedi \u00e0 13h \u00e0 Gullegem, la finale de la Coupe de Belgique contre SW Harelbeke. En demi-finle de ce final four, nos jeunes ont \u00e9limin\u00e9 le FC Tournai sur le score de 4-1.<\/p>\n<p>Les U17 ont eu moins de chance. Retard\u00e9s par un tr\u00e8s grave accident sur l&rsquo;autoroute, ils ont mis cinq heures pour rallier Gullegem ! Ils sont arriv\u00e9s sur place avec cinq minutes de retard &#8211; 19h05 au lieu de 19h &#8211; mais l&rsquo;adversaire, Ch\u00e2telet, a refus\u00e9 de disputer la rencontre et l&rsquo;a emport\u00e9 par forfait. Un beau t\u00e9moignage de sportivit\u00e9&#8230;<\/p>\n<p>&nbsp;<\/p>\n","protected":false},"excerpt":{"rendered":"<p>Les U13 disputeront, ce samedi \u00e0 13h \u00e0 Gullegem, la finale de la Coupe de Belgique contre SW Harelbeke. En demi-finle de ce final four, nos jeunes ont \u00e9limin\u00e9 le FC Tournai sur le score de 4-1. Les U17 ont eu moins de chance. Retard\u00e9s par un tr\u00e8s grave accident sur l&rsquo;autoroute, ils ont mis [&hellip;]<\/p>\n","protected":false},"author":4,"featured_media":0,"comment_status":"closed","ping_status":"closed","sticky":false,"template":"","format":"standard","meta":{"iawp_total_views":0},"categories":[24,26],"tags":[],"_links":{"self":[{"href":"https:\/\/fcliege.be\/fr\/wp-json\/wp\/v2\/posts\/6960"}],"collection":[{"href":"https:\/\/fcliege.be\/fr\/wp-json\/wp\/v2\/posts"}],"about":[{"href":"https:\/\/fcliege.be\/fr\/wp-json\/wp\/v2\/types\/post"}],"author":[{"embeddable":true,"href":"https:\/\/fcliege.be\/fr\/wp-json\/wp\/v2\/users\/4"}],"replies":[{"embeddable":true,"href":"https:\/\/fcliege.be\/fr\/wp-json\/wp\/v2\/comments?post=6960"}],"version-history":[{"count":1,"href":"https:\/\/fcliege.be\/fr\/wp-json\/wp\/v2\/posts\/6960\/revisions"}],"predecessor-version":[{"id":6961,"href":"https:\/\/fcliege.be\/fr\/wp-json\/wp\/v2\/posts\/6960\/revisions\/6961"}],"wp:attachment":[{"href":"https:\/\/fcliege.be\/fr\/wp-json\/wp\/v2\/media?parent=6960"}],"wp:term":[{"taxonomy":"category","embeddable":true,"href":"https:\/\/fcliege.be\/fr\/wp-json\/wp\/v2\/categories?post=6960"},{"taxonomy":"post_tag","embeddable":true,"href":"https:\/\/fcliege.be\/fr\/wp-json\/wp\/v2\/tags?post=6960"}],"curies":[{"name":"wp","href":"https:\/\/api.w.org\/{rel}","templated":true}]}}