{"id":7052,"date":"2016-05-18T20:05:20","date_gmt":"2016-05-18T19:05:20","guid":{"rendered":"http:\/\/fcliege.be\/fr\/?p=7052"},"modified":"2016-05-18T20:43:50","modified_gmt":"2016-05-18T19:43:50","slug":"le-contrat-de-czernia-nest-pas-prolonge","status":"publish","type":"post","link":"https:\/\/fcliege.be\/fr\/le-contrat-de-czernia-nest-pas-prolonge\/","title":{"rendered":"Le contrat de Czernia n&rsquo;est pas prolong\u00e9"},"content":{"rendered":"<p>Le Royal Football Club Li\u00e9geois a fait part ce mercredi soir \u00e0 \u00e0 son entra\u00eeneur, Alexandre Czerniatynski, de sa d\u00e9cision de ne pas renouveler son contrat.<\/p>\n<p>Pour rappel, \u00ab\u00a0Czernia\u00a0\u00bb avait \u00e9t\u00e9 engag\u00e9 d\u00e9but f\u00e9vrier pour quatre mois avec pour mission la qualification pour le tour final et la mont\u00e9e en D1 amateur.<\/p>\n<p>Ces deux objectifs n&rsquo;ont malheureusement pas \u00e9t\u00e9 atteints :<\/p>\n<p>&#8211; la participation au tour final n&rsquo;a \u00e9t\u00e9 obtenue que parce qu&rsquo;un club n&rsquo;avait pas rempli ses obligations dans le cadre de la licence,<\/p>\n<p>&#8211; l&rsquo;\u00e9quipe a \u00e9t\u00e9 \u00e9limin\u00e9e en demi-finale.<\/p>\n<p>La direction du RFCL tient cependant \u00e0 remercier Alexandre Czerniatynski pour son professionnalisme, son d\u00e9vouement et ses qualit\u00e9s humaines qui ont \u00e9t\u00e9 unanimement appr\u00e9ci\u00e9es pendant son bref passage \u00e0 Rocourt.<\/p>\n<p>La direction du Royal Football Club Li\u00e9geois examine par ailleurs plusieurs pistes en vue de son remplacement, avec des ambitions affirm\u00e9es, afin de f\u00eater dignement le 125\u00e8me anniversaire du club en 2017.<\/p>\n","protected":false},"excerpt":{"rendered":"<p>Le Royal Football Club Li\u00e9geois a fait part ce mercredi soir \u00e0 \u00e0 son entra\u00eeneur, Alexandre Czerniatynski, de sa d\u00e9cision de ne pas renouveler son contrat. Pour rappel, \u00ab\u00a0Czernia\u00a0\u00bb avait \u00e9t\u00e9 engag\u00e9 d\u00e9but f\u00e9vrier pour quatre mois avec pour mission la qualification pour le tour final et la mont\u00e9e en D1 amateur. Ces deux objectifs [&hellip;]<\/p>\n","protected":false},"author":4,"featured_media":6183,"comment_status":"closed","ping_status":"closed","sticky":false,"template":"","format":"standard","meta":{"iawp_total_views":0},"categories":[24,26],"tags":[],"_links":{"self":[{"href":"https:\/\/fcliege.be\/fr\/wp-json\/wp\/v2\/posts\/7052"}],"collection":[{"href":"https:\/\/fcliege.be\/fr\/wp-json\/wp\/v2\/posts"}],"about":[{"href":"https:\/\/fcliege.be\/fr\/wp-json\/wp\/v2\/types\/post"}],"author":[{"embeddable":true,"href":"https:\/\/fcliege.be\/fr\/wp-json\/wp\/v2\/users\/4"}],"replies":[{"embeddable":true,"href":"https:\/\/fcliege.be\/fr\/wp-json\/wp\/v2\/comments?post=7052"}],"version-history":[{"count":1,"href":"https:\/\/fcliege.be\/fr\/wp-json\/wp\/v2\/posts\/7052\/revisions"}],"predecessor-version":[{"id":7053,"href":"https:\/\/fcliege.be\/fr\/wp-json\/wp\/v2\/posts\/7052\/revisions\/7053"}],"wp:featuredmedia":[{"embeddable":true,"href":"https:\/\/fcliege.be\/fr\/wp-json\/wp\/v2\/media\/6183"}],"wp:attachment":[{"href":"https:\/\/fcliege.be\/fr\/wp-json\/wp\/v2\/media?parent=7052"}],"wp:term":[{"taxonomy":"category","embeddable":true,"href":"https:\/\/fcliege.be\/fr\/wp-json\/wp\/v2\/categories?post=7052"},{"taxonomy":"post_tag","embeddable":true,"href":"https:\/\/fcliege.be\/fr\/wp-json\/wp\/v2\/tags?post=7052"}],"curies":[{"name":"wp","href":"https:\/\/api.w.org\/{rel}","templated":true}]}}