{"id":7192,"date":"2016-06-22T17:59:26","date_gmt":"2016-06-22T16:59:26","guid":{"rendered":"http:\/\/fcliege.be\/fr\/?p=7192"},"modified":"2016-06-23T21:22:02","modified_gmt":"2016-06-23T20:22:02","slug":"un-gros-coup-gregory-dufer-au-rfc-liege","status":"publish","type":"post","link":"https:\/\/fcliege.be\/fr\/un-gros-coup-gregory-dufer-au-rfc-liege\/","title":{"rendered":"Un gros coup : Gr\u00e9gory Dufer au RFC Li\u00e8ge"},"content":{"rendered":"<p>La direction a le grand plaisir d&rsquo;annoncer l&rsquo;arriv\u00e9e de Gr\u00e9gory Dufer. Ex-Sporting de Charleroi, Caen,\u00a0FC Bruges, Lokeren,\u00a0Standard, Tubize, Saint-Trond, Seraing et Antwerp, Gr\u00e9gory, s\u00e9duit par le projet et l&rsquo;ambition du RFCL, a choisi notre club malgr\u00e9 d&rsquo;autres sollicitations.<\/p>\n<p>Ag\u00e9 de 34 ans, il a paraph\u00e9 un contrat de deux ans. C&rsquo;est un fameux renfort, tant au niveau de son exp\u00e9rience que de ses qualit\u00e9s footballistiques. D&rsquo;autres arriv\u00e9es seront annonc\u00e9es dans les prochains jours. Plus que jamais, allons Lidje !<\/p>\n<p><a href=\"https:\/\/fcliege.be\/fr\/wp-content\/uploads\/2016\/06\/DSC03331.jpg\"><img decoding=\"async\" loading=\"lazy\" class=\"aligncenter size-medium wp-image-7199\" src=\"https:\/\/fcliege.be\/fr\/wp-content\/uploads\/2016\/06\/DSC03331-300x225.jpg\" alt=\"DSC03331\" width=\"300\" height=\"225\" srcset=\"https:\/\/fcliege.be\/fr\/wp-content\/uploads\/2016\/06\/DSC03331-300x225.jpg 300w, https:\/\/fcliege.be\/fr\/wp-content\/uploads\/2016\/06\/DSC03331-1024x768.jpg 1024w\" sizes=\"(max-width: 300px) 100vw, 300px\" \/><\/a><\/p>\n","protected":false},"excerpt":{"rendered":"<p>La direction a le grand plaisir d&rsquo;annoncer l&rsquo;arriv\u00e9e de Gr\u00e9gory Dufer. Ex-Sporting de Charleroi, Caen,\u00a0FC Bruges, Lokeren,\u00a0Standard, Tubize, Saint-Trond, Seraing et Antwerp, Gr\u00e9gory, s\u00e9duit par le projet et l&rsquo;ambition du RFCL, a choisi notre club malgr\u00e9 d&rsquo;autres sollicitations. Ag\u00e9 de 34 ans, il a paraph\u00e9 un contrat de deux ans. C&rsquo;est un fameux renfort, tant [&hellip;]<\/p>\n","protected":false},"author":4,"featured_media":7197,"comment_status":"closed","ping_status":"closed","sticky":false,"template":"","format":"standard","meta":{"iawp_total_views":7},"categories":[24,26],"tags":[],"_links":{"self":[{"href":"https:\/\/fcliege.be\/fr\/wp-json\/wp\/v2\/posts\/7192"}],"collection":[{"href":"https:\/\/fcliege.be\/fr\/wp-json\/wp\/v2\/posts"}],"about":[{"href":"https:\/\/fcliege.be\/fr\/wp-json\/wp\/v2\/types\/post"}],"author":[{"embeddable":true,"href":"https:\/\/fcliege.be\/fr\/wp-json\/wp\/v2\/users\/4"}],"replies":[{"embeddable":true,"href":"https:\/\/fcliege.be\/fr\/wp-json\/wp\/v2\/comments?post=7192"}],"version-history":[{"count":6,"href":"https:\/\/fcliege.be\/fr\/wp-json\/wp\/v2\/posts\/7192\/revisions"}],"predecessor-version":[{"id":7213,"href":"https:\/\/fcliege.be\/fr\/wp-json\/wp\/v2\/posts\/7192\/revisions\/7213"}],"wp:featuredmedia":[{"embeddable":true,"href":"https:\/\/fcliege.be\/fr\/wp-json\/wp\/v2\/media\/7197"}],"wp:attachment":[{"href":"https:\/\/fcliege.be\/fr\/wp-json\/wp\/v2\/media?parent=7192"}],"wp:term":[{"taxonomy":"category","embeddable":true,"href":"https:\/\/fcliege.be\/fr\/wp-json\/wp\/v2\/categories?post=7192"},{"taxonomy":"post_tag","embeddable":true,"href":"https:\/\/fcliege.be\/fr\/wp-json\/wp\/v2\/tags?post=7192"}],"curies":[{"name":"wp","href":"https:\/\/api.w.org\/{rel}","templated":true}]}}