{"id":7275,"date":"2016-07-08T20:47:07","date_gmt":"2016-07-08T19:47:07","guid":{"rendered":"http:\/\/fcliege.be\/fr\/?p=7275"},"modified":"2016-07-08T20:47:07","modified_gmt":"2016-07-08T19:47:07","slug":"mercato-deux-nouvelles-arrivees","status":"publish","type":"post","link":"https:\/\/fcliege.be\/fr\/mercato-deux-nouvelles-arrivees\/","title":{"rendered":"Mercato : deux nouvelles arriv\u00e9es !"},"content":{"rendered":"<p>Apr\u00e8s les arriv\u00e9es de Bruggeman, Lannoy, Dufer, Jiyar et Mauclet, nous avons le plaisir de vous annoncer les signatures de deux nouveaux transferts !<\/p>\n<p>Il s&rsquo;agit du d\u00e9fenseur <strong>Emmanuel Massa<\/strong>, qui s&rsquo;entra\u00eene avec nous depuis ce mardi, et qui \u00e9voluait la saison \u00e9coul\u00e9e \u00e0 Dender EH.<\/p>\n<p>Il a sign\u00e9 un contrat de deux ans au club.<\/p>\n<p><em>\u00ab\u00a0Je suis n\u00e9 le 7 novembre 1995 et j&rsquo;habite la p\u00e9riph\u00e9rie bruxelloise. J&rsquo;ai d\u00e9but\u00e9 le foot \u00e0 la Rhodienne, avant de jouer \u00e0 l&rsquo;Union, \u00e0 OHL et puis \u00e0 Dender, o\u00f9 j&rsquo;ai pass\u00e9 deux saisons. Je suis droitier et ma meilleure place se situe dans l&rsquo;axe de la d\u00e9fense. J&rsquo;ai disput\u00e9 une dizaine de rencontres en \u00e9quipe A l&rsquo;an dernier et je remercie Emilio Ferrera, un coach qui m&rsquo;a laiss\u00e9 un superbe souvenir, de m&rsquo;avoir donn\u00e9 ma chance.\u00a0\u00bb<\/em><\/p>\n<p>Fan de J\u00e9r\u00f4me Boateng, notre nouveau d\u00e9fenseur dresse son portrait.<\/p>\n<p><em>\u00ab\u00a0J&rsquo;appr\u00e9cie les duels et je pense \u00eatre assez bon dans le un contre un. J&rsquo;anticipe plut\u00f4t bien \u00e9galement. Par contre, je dois encore gagner en explosivit\u00e9 et am\u00e9liorer mon pied gauche. J&rsquo;esp\u00e8re obtenir le maximum de temps de jeu en venant \u00e0 Li\u00e8ge, o\u00f9 j&rsquo;ai \u00e9t\u00e9 tr\u00e8s bien accueilli. Mais je ne suis pas un gar\u00e7on compliqu\u00e9, je m&rsquo;adapte facilement.\u00a0\u00bb<\/em><\/p>\n<p><a href=\"https:\/\/fcliege.be\/fr\/wp-content\/uploads\/2016\/07\/DSC03558.jpg\"><img decoding=\"async\" loading=\"lazy\" class=\"aligncenter size-medium wp-image-7276\" src=\"https:\/\/fcliege.be\/fr\/wp-content\/uploads\/2016\/07\/DSC03558-300x225.jpg\" alt=\"DSC03558\" width=\"300\" height=\"225\" srcset=\"https:\/\/fcliege.be\/fr\/wp-content\/uploads\/2016\/07\/DSC03558-300x225.jpg 300w, https:\/\/fcliege.be\/fr\/wp-content\/uploads\/2016\/07\/DSC03558-1024x768.jpg 1024w\" sizes=\"(max-width: 300px) 100vw, 300px\" \/><\/a><\/p>\n<p>Seconde acquisition de la journ\u00e9e : l&rsquo;attaquant de pointe <strong>Dylan Lambrecht<\/strong>, qui a inscrit 10 buts la saison derni\u00e8re sous les couleurs de Grimbergen, en D3B, apr\u00e8s avoir \u00a0notamment port\u00e9 les couleurs du Patro Maasmechelen ou de Virton dans le pass\u00e9.<\/p>\n<p>Lui aussi a sign\u00e9 un bail de deux saisons \u00e0 Li\u00e8ge.<\/p>\n<p><em>\u00ab\u00a0Je suis n\u00e9 le 13 novembre 1992 et j&rsquo;habite \u00e0 Soumagne. Ma meilleure position se situe en pointe de l&rsquo;attaque. J&rsquo;ai \u00e9t\u00e9 form\u00e9 \u00e0 Genk durant cinq saisons, notamment. Mes points forts ? Ma technique et ma conservation du ballon. J&rsquo;aime jouer dans un r\u00f4le de pivot et je suis assez adroit devant le but g\u00e9n\u00e9ralement.\u00a0\u00bb<\/em><\/p>\n<p>Evoluer \u00e0 Li\u00e8ge, il l&rsquo;esp\u00e9rait depuis longtemps !<\/p>\n<p><em>\u00ab\u00a0Oh oui ! Il y a plusieurs saisons que j&rsquo;avais envie de rejoindre le club et tout s&rsquo;est bien mis en place cette fois. J&rsquo;esp\u00e8re aider le club \u00e0 r\u00e9aliser ses objectifs. Le mien est de marquer entre 10 et 15 buts. Je me r\u00e9jouis vraiment de jouer devant le public li\u00e9geois.\u00a0\u00bb<\/em><\/p>\n<p>Il aura l&rsquo;occasion d&rsquo;avoir un aper\u00e7u de ce qui l&rsquo;attend d\u00e8s demain, face \u00e0 Saint-Trond.<\/p>\n<p><em>\u00ab\u00a0Je viens \u00e0 peine d&rsquo;arriver et je pense d\u00e8s lors que je ne vais pas avoir \u00e9norm\u00e9ment de temps de jeu demain, ce qui serait tout \u00e0 fait logique. Ce sera un match int\u00e9ressant pour prendre mes marques.\u00a0\u00bb<\/em><\/p>\n<p><a href=\"https:\/\/fcliege.be\/fr\/wp-content\/uploads\/2016\/07\/13621521_10209989160871371_1789237811_o.jpg\"><img decoding=\"async\" loading=\"lazy\" class=\"aligncenter size-medium wp-image-7277\" src=\"https:\/\/fcliege.be\/fr\/wp-content\/uploads\/2016\/07\/13621521_10209989160871371_1789237811_o-300x198.jpg\" alt=\"13621521_10209989160871371_1789237811_o\" width=\"300\" height=\"198\" srcset=\"https:\/\/fcliege.be\/fr\/wp-content\/uploads\/2016\/07\/13621521_10209989160871371_1789237811_o-300x198.jpg 300w, https:\/\/fcliege.be\/fr\/wp-content\/uploads\/2016\/07\/13621521_10209989160871371_1789237811_o.jpg 1024w\" sizes=\"(max-width: 300px) 100vw, 300px\" \/><\/a><\/p>\n","protected":false},"excerpt":{"rendered":"<p>Apr\u00e8s les arriv\u00e9es de Bruggeman, Lannoy, Dufer, Jiyar et Mauclet, nous avons le plaisir de vous annoncer les signatures de deux nouveaux transferts ! Il s&rsquo;agit du d\u00e9fenseur Emmanuel Massa, qui s&rsquo;entra\u00eene avec nous depuis ce mardi, et qui \u00e9voluait la saison \u00e9coul\u00e9e \u00e0 Dender EH. Il a sign\u00e9 un contrat de deux ans au [&hellip;]<\/p>\n","protected":false},"author":5,"featured_media":7278,"comment_status":"closed","ping_status":"closed","sticky":false,"template":"","format":"standard","meta":{"iawp_total_views":2},"categories":[24,26],"tags":[],"_links":{"self":[{"href":"https:\/\/fcliege.be\/fr\/wp-json\/wp\/v2\/posts\/7275"}],"collection":[{"href":"https:\/\/fcliege.be\/fr\/wp-json\/wp\/v2\/posts"}],"about":[{"href":"https:\/\/fcliege.be\/fr\/wp-json\/wp\/v2\/types\/post"}],"author":[{"embeddable":true,"href":"https:\/\/fcliege.be\/fr\/wp-json\/wp\/v2\/users\/5"}],"replies":[{"embeddable":true,"href":"https:\/\/fcliege.be\/fr\/wp-json\/wp\/v2\/comments?post=7275"}],"version-history":[{"count":3,"href":"https:\/\/fcliege.be\/fr\/wp-json\/wp\/v2\/posts\/7275\/revisions"}],"predecessor-version":[{"id":7281,"href":"https:\/\/fcliege.be\/fr\/wp-json\/wp\/v2\/posts\/7275\/revisions\/7281"}],"wp:featuredmedia":[{"embeddable":true,"href":"https:\/\/fcliege.be\/fr\/wp-json\/wp\/v2\/media\/7278"}],"wp:attachment":[{"href":"https:\/\/fcliege.be\/fr\/wp-json\/wp\/v2\/media?parent=7275"}],"wp:term":[{"taxonomy":"category","embeddable":true,"href":"https:\/\/fcliege.be\/fr\/wp-json\/wp\/v2\/categories?post=7275"},{"taxonomy":"post_tag","embeddable":true,"href":"https:\/\/fcliege.be\/fr\/wp-json\/wp\/v2\/tags?post=7275"}],"curies":[{"name":"wp","href":"https:\/\/api.w.org\/{rel}","templated":true}]}}