{"id":7298,"date":"2016-07-10T07:20:39","date_gmt":"2016-07-10T06:20:39","guid":{"rendered":"http:\/\/fcliege.be\/fr\/?p=7298"},"modified":"2016-07-10T07:20:39","modified_gmt":"2016-07-10T06:20:39","slug":"amical-rfc-liege-stvv-0-1","status":"publish","type":"post","link":"https:\/\/fcliege.be\/fr\/amical-rfc-liege-stvv-0-1\/","title":{"rendered":"Amical \/ RFC Li\u00e8ge &#8211; STVV : 0-1"},"content":{"rendered":"<p>Une formation de D1A pour reprendre le collier apr\u00e8s seulement quelques jours de pr\u00e9paration et avec un noyau remani\u00e9, le club n&rsquo;avait pas vraiment choisi la facilit\u00e9 pour d\u00e9buter cette nouvelle saison&#8230;<\/p>\n<p>Et pourtant, m\u00eame si une (courte) d\u00e9faite a sanctionn\u00e9 cette premi\u00e8re joute de la pr\u00e9paration, de nombreux enseignements positifs sont \u00e0 retirer de cette rencontre.<\/p>\n<p>Tout d&rsquo;abord, au niveau de l&rsquo;organisation tactique et de l&rsquo;envie affich\u00e9e par tous les acteurs. Ensuite, parce qu&rsquo;\u00e0 titre individuel, certains ont d\u00e9j\u00e0 affich\u00e9 de belles dispositions. Et, enfin, parce que, jamais, face pourtant \u00e0 une \u00e9quipe de l&rsquo;\u00e9lite bien plus avanc\u00e9e dans sa mise en condition, notre formation n&rsquo;a \u00e9t\u00e9 r\u00e9ellement asphyxi\u00e9e.<\/p>\n<p>En premi\u00e8re p\u00e9riode, les occasions r\u00e9elles furent peu nombreuses de part et d&rsquo;autre, alors qu&rsquo;apr\u00e8s la pause, un but rapide de De Petter allait offrir la victoire aux Canaris. En fin de match, Li\u00e8ge se cr\u00e9ait de belles opportunit\u00e9s, notamment via Lambrecht, mais sans parvenir \u00e0 \u00e9galiser.<\/p>\n<p><em>\u00ab\u00a0Je suis globalement satisfait de notre prestation, car ce match \u00e9tait programm\u00e9 tr\u00e8s t\u00f4t dans notre pr\u00e9paration, mais nous l&rsquo;avons pr\u00e9par\u00e9 du mieux possible.\u00a0\u00bb\u00a0<\/em>pr\u00e9cisait Dante Brogno.\u00a0<em>\u00ab\u00a0On a vu une diff\u00e9rence logique face \u00e0 une \u00e9quipe de D1A, qui a repris il y a pr\u00e8s d&rsquo;un mois. Les joueurs ont montr\u00e9 de l&rsquo;envie et une volont\u00e9 d&rsquo;aller de l&rsquo;avant. Je regrette ce but encaiss\u00e9 sur une phase arr\u00eat\u00e9e, d&rsquo;autant que nous avions d\u00e9j\u00e0 un peu travaill\u00e9 cet aspect durant la semaine. Apr\u00e8s, il y a eu une certaine fatigue bien l\u00e9gitime, car le rythme \u00e9tait \u00e9lev\u00e9. Maintenant, les joueurs vont profiter de quatorze jours de repos, mais chacun a re\u00e7u un programme individuel \u00e0 respecter. Il restera encore six semaines avant la reprise du championnat lorsque nous nous reverrons le 25 juillet.\u00a0\u00bb<\/em><\/p>\n<p align=\"LEFT\"><strong><span style=\"font-size: medium;\">La fiche technique\u00a0<\/span><\/strong><\/p>\n<p align=\"LEFT\"><span style=\"font-size: medium;\"><em>RFC Li\u00e8ge<\/em> <em>0<\/em><\/span><\/p>\n<p align=\"LEFT\"><span style=\"font-size: medium;\">Sa<em>int-Trond 1<\/em><\/span><\/p>\n<p align=\"LEFT\"><em><span style=\"font-size: medium;\">RFC Li\u00e8ge\u00a0: Dengis (46e Matthys); Henke, Vandebon (46e Winandts), Massa (46e Masset), D&rsquo;Ostilio; Jiyar (46e Bruggeman), Fondaire (46e Fairon), Dheur (46e Lannoy), Dufer (46e Zidda), Teruel (46e Lwangi)\u00a0; Mauclet (46e Lambrecht).<\/span><\/em><\/p>\n<p align=\"LEFT\"><em><span style=\"font-size: medium;\">Saint-Trond\u00a0: Dutoit (46e Pirard (87e Dutoit)\u00a0; Dussaut (60e Abrahams), Pulido (60e Joosten), Fernandes (60e Djene), Verbeek (60e Ryckaert)\u00a0; Swers (46e Gerkens), De Petter (60e De Norre), Valdidia (60e Proschwitz), Peeters (46e Ono), Castro Montes (60e de Sart)\u00a0; Janssens (60e Damblon).<\/span><\/em><\/p>\n<p align=\"LEFT\"><em><span style=\"font-size: medium;\">Arbitre\u00a0: M. Van Emelen.<\/span><\/em><\/p>\n<p align=\"LEFT\"><em><span style=\"font-size: medium;\">Carte jaune\u00a0: Masset.<\/span><\/em><\/p>\n<p align=\"LEFT\"><em><span style=\"font-size: medium;\">Le but\u00a0: 51e De Petter.<\/span><\/em><\/p>\n<p align=\"LEFT\">cr\u00e9dit photo : Sang et Marine.<\/p>\n","protected":false},"excerpt":{"rendered":"<p>Une formation de D1A pour reprendre le collier apr\u00e8s seulement quelques jours de pr\u00e9paration et avec un noyau remani\u00e9, le club n&rsquo;avait pas vraiment choisi la facilit\u00e9 pour d\u00e9buter cette nouvelle saison&#8230; Et pourtant, m\u00eame si une (courte) d\u00e9faite a sanctionn\u00e9 cette premi\u00e8re joute de la pr\u00e9paration, de nombreux enseignements positifs sont \u00e0 retirer de [&hellip;]<\/p>\n","protected":false},"author":5,"featured_media":7299,"comment_status":"closed","ping_status":"closed","sticky":false,"template":"","format":"standard","meta":{"iawp_total_views":24},"categories":[24,26],"tags":[],"_links":{"self":[{"href":"https:\/\/fcliege.be\/fr\/wp-json\/wp\/v2\/posts\/7298"}],"collection":[{"href":"https:\/\/fcliege.be\/fr\/wp-json\/wp\/v2\/posts"}],"about":[{"href":"https:\/\/fcliege.be\/fr\/wp-json\/wp\/v2\/types\/post"}],"author":[{"embeddable":true,"href":"https:\/\/fcliege.be\/fr\/wp-json\/wp\/v2\/users\/5"}],"replies":[{"embeddable":true,"href":"https:\/\/fcliege.be\/fr\/wp-json\/wp\/v2\/comments?post=7298"}],"version-history":[{"count":5,"href":"https:\/\/fcliege.be\/fr\/wp-json\/wp\/v2\/posts\/7298\/revisions"}],"predecessor-version":[{"id":7304,"href":"https:\/\/fcliege.be\/fr\/wp-json\/wp\/v2\/posts\/7298\/revisions\/7304"}],"wp:featuredmedia":[{"embeddable":true,"href":"https:\/\/fcliege.be\/fr\/wp-json\/wp\/v2\/media\/7299"}],"wp:attachment":[{"href":"https:\/\/fcliege.be\/fr\/wp-json\/wp\/v2\/media?parent=7298"}],"wp:term":[{"taxonomy":"category","embeddable":true,"href":"https:\/\/fcliege.be\/fr\/wp-json\/wp\/v2\/categories?post=7298"},{"taxonomy":"post_tag","embeddable":true,"href":"https:\/\/fcliege.be\/fr\/wp-json\/wp\/v2\/tags?post=7298"}],"curies":[{"name":"wp","href":"https:\/\/api.w.org\/{rel}","templated":true}]}}