{"id":7320,"date":"2016-07-24T12:27:21","date_gmt":"2016-07-24T11:27:21","guid":{"rendered":"http:\/\/fcliege.be\/fr\/?p=7320"},"modified":"2016-07-24T12:27:21","modified_gmt":"2016-07-24T11:27:21","slug":"un-grand-monsieur-a-tire-sa-reverence","status":"publish","type":"post","link":"https:\/\/fcliege.be\/fr\/un-grand-monsieur-a-tire-sa-reverence\/","title":{"rendered":"Un grand Monsieur a tir\u00e9 sa r\u00e9v\u00e9rence&#8230;"},"content":{"rendered":"<p>Le RFC Li\u00e8ge est en deuil : nous avons en effet appris, avec une grande tristesse, le d\u00e9c\u00e8s de Monsieur Joseph Paul, \u00e0 l&rsquo;\u00e2ge de 89 ans.<\/p>\n<p>Figure marquante du matricule 4, il occupa, avec un brio certain, les fonctions de secr\u00e9taire g\u00e9n\u00e9ral du club durant vingt ans, \u00e0 partir de 1968, et fut ainsi aux premi\u00e8res loges pour encadrer le passage de nos Sang et Marine vers le professionnalisme.<\/p>\n<p>Sa passion pour nos couleurs ne le quitta jamais et il suivait encore avec assiduit\u00e9 la vie du club, de son club, sans manquer de donner un avis tr\u00e8s souvent pertinent sur son \u00e9volution.<\/p>\n<p>Avec son d\u00e9part, c&rsquo;est incontestablement un personnage central de l&rsquo;histoire du matricule 4 qui a rejoint les \u00e9toiles, o\u00f9 l&rsquo;attendaient, sans doute avec impatience, d&rsquo;autres l\u00e9gendes de l&rsquo;Old Club.<\/p>\n<p>Nul doute qu&rsquo;ils \u00e9voqueront, avec nostalgie, quelques-unes des plus belles pages de sa tr\u00e9pidante existence, des pages qu&rsquo;ils ont pris soin d&rsquo;\u00e9crire eux-m\u00eames&#8230;<\/p>\n<p>La direction du RFC Li\u00e8ge tient \u00e0 remercier chaleureusement Monsieur Joseph Paul pour tout ce qu&rsquo;il a apport\u00e9 au club et pr\u00e9sente ses plus sinc\u00e8res condol\u00e9ances \u00e0 sa famille et \u00e0 ses proches.<\/p>\n<p>&nbsp;<\/p>\n<p>&nbsp;<\/p>\n<p>Cr\u00e9dit photo : archives Sonuma &#8211; 1974 reportage \u00ab\u00a0Lundi Sports\u00a0\u00bb<\/p>\n<p>&nbsp;<\/p>\n<p>&nbsp;<\/p>\n","protected":false},"excerpt":{"rendered":"<p>Le RFC Li\u00e8ge est en deuil : nous avons en effet appris, avec une grande tristesse, le d\u00e9c\u00e8s de Monsieur Joseph Paul, \u00e0 l&rsquo;\u00e2ge de 89 ans. Figure marquante du matricule 4, il occupa, avec un brio certain, les fonctions de secr\u00e9taire g\u00e9n\u00e9ral du club durant vingt ans, \u00e0 partir de 1968, et fut ainsi [&hellip;]<\/p>\n","protected":false},"author":5,"featured_media":7321,"comment_status":"closed","ping_status":"closed","sticky":false,"template":"","format":"standard","meta":{"iawp_total_views":1},"categories":[1,24],"tags":[],"_links":{"self":[{"href":"https:\/\/fcliege.be\/fr\/wp-json\/wp\/v2\/posts\/7320"}],"collection":[{"href":"https:\/\/fcliege.be\/fr\/wp-json\/wp\/v2\/posts"}],"about":[{"href":"https:\/\/fcliege.be\/fr\/wp-json\/wp\/v2\/types\/post"}],"author":[{"embeddable":true,"href":"https:\/\/fcliege.be\/fr\/wp-json\/wp\/v2\/users\/5"}],"replies":[{"embeddable":true,"href":"https:\/\/fcliege.be\/fr\/wp-json\/wp\/v2\/comments?post=7320"}],"version-history":[{"count":1,"href":"https:\/\/fcliege.be\/fr\/wp-json\/wp\/v2\/posts\/7320\/revisions"}],"predecessor-version":[{"id":7322,"href":"https:\/\/fcliege.be\/fr\/wp-json\/wp\/v2\/posts\/7320\/revisions\/7322"}],"wp:featuredmedia":[{"embeddable":true,"href":"https:\/\/fcliege.be\/fr\/wp-json\/wp\/v2\/media\/7321"}],"wp:attachment":[{"href":"https:\/\/fcliege.be\/fr\/wp-json\/wp\/v2\/media?parent=7320"}],"wp:term":[{"taxonomy":"category","embeddable":true,"href":"https:\/\/fcliege.be\/fr\/wp-json\/wp\/v2\/categories?post=7320"},{"taxonomy":"post_tag","embeddable":true,"href":"https:\/\/fcliege.be\/fr\/wp-json\/wp\/v2\/tags?post=7320"}],"curies":[{"name":"wp","href":"https:\/\/api.w.org\/{rel}","templated":true}]}}